{"id":72833,"date":"2023-07-10T15:37:41","date_gmt":"2023-07-10T18:37:41","guid":{"rendered":"https:\/\/corrientesdetarde.com\/?p=72833"},"modified":"2023-07-10T15:38:02","modified_gmt":"2023-07-10T18:38:02","slug":"instituciones-educativas-realizarontalleres-en-la-reserva-natural-de-santa-catalina","status":"publish","type":"post","link":"https:\/\/corrientesdetarde.com\/index.php\/sociales\/instituciones-educativas-realizarontalleres-en-la-reserva-natural-de-santa-catalina\/","title":{"rendered":"<strong>Instituciones educativas realizaron<br>talleres en la Reserva Natural de Santa Catalina<\/strong>"},"content":{"rendered":"\n<p><em>Estudiantes y docentes de la Eragia y alumnos de la escuela EFA de la Regi\u00f3n de Languedoc Roussillon, en el sur de Francia, quienes se encuentran en el pa\u00eds mediante un programa de intercambio, participaron de las actividades organizadas por la Municipalidad. Tambi\u00e9n formaron parte cooperativas y personal de la UNNE.<\/em><\/p>\n\n\n\n<p>La Municipalidad de Corrientes desarroll\u00f3 talleres y un recorrido por la Reserva Natural de Santa Catalina con diferentes instituciones educativas y cooperativas para mostrar el trabajo de preservaci\u00f3n que se viene llevando adelante en el lugar. Participaron estudiantes y docentes de la Escuela Regional de Agricultura, Ganader\u00eda e Industrias Afines (Eragia) y alumnos de la escuela EFA de la Regi\u00f3n Languedoc Roussillon, en el sur de Francia, quienes se encuentran en el pa\u00eds mediante un programa de intercambio, como as\u00ed tambi\u00e9n personal de la Universidad Nacional del Nordeste (UNNE).<br><br>El secretario de Coordinaci\u00f3n de Gobierno, quien adem\u00e1s preside el Comit\u00e9 Ejecutivo de la Reserva Natural, Hugo Calvano, particip\u00f3 de la actividad y destac\u00f3 la posibilidad de realizar actividades de investigaci\u00f3n en el predio.<br><br>\u201cEs muy importante coordinar con todas estas instituciones porque nos permite seguir difundiendo lo que se est\u00e1 haciendo en la Reserva, difundiendo los proyectos que hay, agregando m\u00e1s masa cr\u00edtica de personas que conocen y que pueden luego hacer aportes a nuestro Plan Maestro\u201d, afirm\u00f3 Calvano.<br><br>El funcionario resalt\u00f3 el acompa\u00f1amiento de la Facultad de Ciencias Agrarias de la UNNE, para la realizaci\u00f3n de la actividad y detall\u00f3: \u201cTuvimos una primera instancia en el Vivero Municipal y en esta segunda parte vinieron a trabajar en la Reserva Natural Santa Catalina, donde tambi\u00e9n se tiene pensado generar un banco de semillas por si en alg\u00fan momento, por ejemplo, se da una sequ\u00eda o un incendio, se tiene una reserva para poder regenerar las especies\u201d.<br><br>Entre tanto, se\u00f1al\u00f3 que desde la Municipalidad se va continuar el trabajo en la Reserva \u201ccon instituciones cient\u00edficas y con la Universidad y sus distintas facultades y c\u00e1tedras\u201d. \u201cMuchos ya tienen proyectos permanentes aqu\u00ed en la reserva y eso va haciendo que cada vez agarre m\u00e1s volumen de desarrollo\u201d, agreg\u00f3.<br><br>Por su parte, una de las coordinadoras de la actividad, la ingeniera agr\u00f3noma y docente a cargo de la c\u00e1tedra de Silvicultura de la Facultad de Ciencias Agrarias de la UNNE, \u00a0Claudia Luna, explic\u00f3 que \u201cse est\u00e1 desarrollando el segundo encuentro presencial sobre la producci\u00f3n y establecimiento de \u00e1rboles nativos para fines espec\u00edficos\u201d.<br><br>En cuanto a la participaci\u00f3n en el taller, Luna precis\u00f3: \u201cTenemos alumnos de distintas entidades con orientaci\u00f3n biol\u00f3gica, profesores de secundaria, integrantes de una cooperativa agroecol\u00f3gica que viene trabajando hace un tiempo\u201d.<br><br>A su vez, la docente resalt\u00f3 la oportunidad de poder llevar adelante \u201cun banco de semillas de las especies m\u00e1s emblem\u00e1ticas e importantes de ac\u00e1 de la reserva por cualquier eventualidad. Si desafortunadamente perdi\u00e9ramos algo de superficie tendr\u00edamos germoplasma disponible para poder atender a una restauraci\u00f3n pasiva o activa en este caso\u201d.<br><br>RECORRIDO<br>Tambi\u00e9n visitaron la Reserva Natural, estudiantes y docentes de la Eragia y alumnos de la escuela EFA de la Regi\u00f3n Languedoc Roussillon, en el sur de Francia.<br><br>\u201cSon estudiantes del \u00faltimo a\u00f1o del colegio y como parte de sus actividades de pr\u00e1cticas profesionalizantes, est\u00e1n haciendo una visita a la Reserva Santa Catalina, en donde van a identificar qu\u00e9 tipo de tareas el Municipio est\u00e1 realizando para la recuperaci\u00f3n del bosque nativo aqu\u00ed presente\u201d, destac\u00f3 el subsecretario de Planificaci\u00f3n Ambiental, Alejandro Cristi\u00e1.<br><br>Por su parte, el vicedirector de la Eragia, Rub\u00e9n Albornoz, se\u00f1al\u00f3 que la actividad \u201cles sirve de experiencia tanto a los alumnos de la Eragia como a los de Francia, a quienes les permite ver lo que es nuestra fauna y flora en un bosque nativo\u201d.<br><br>Asimismo, resalt\u00f3 la importancia de que la Municipalidad resguarde la Reserva Natural Santa Catalina. \u201cEl haberla cerrado permiti\u00f3 que la fauna y flora empiecen a recuperarse porque la hab\u00edan pr\u00e1cticamente extinguido\u201d, dijo.<br><br><a rel=\"noreferrer noopener\" href=\"https:\/\/ciudaddecorrientes.us17.list-manage.com\/track\/click?u=18ec154282a0ecffdb669586d&amp;id=f699ffa4d1&amp;e=8576ec4bdd\" target=\"_blank\">NOTA TV.<\/a><br>Hugo Calvano, secretario de Coordinaci\u00f3n de Gobierno;\u00a0Alejandro Cristi\u00e1, subsecretario de Planificaci\u00f3n Ambiental; Claudia Luna, docente a cargo de la C\u00e1tedra de Silvicultura de la Facultad de Ciencias Agrarias de la UNNE;\u00a0Ruben Alberto Albornoz &#8211; vicedirecctor de la ERAGIA.<\/p>\n\n\n\n<figure class=\"wp-block-image size-large\"><img loading=\"lazy\" decoding=\"async\" width=\"1024\" height=\"682\" src=\"https:\/\/corrientesdetarde.com\/wp-content\/uploads\/2023\/07\/image-309-1024x682.png\" alt=\"\" class=\"wp-image-72834\" srcset=\"https:\/\/corrientesdetarde.com\/wp-content\/uploads\/2023\/07\/image-309-1024x682.png 1024w, https:\/\/corrientesdetarde.com\/wp-content\/uploads\/2023\/07\/image-309-300x200.png 300w, https:\/\/corrientesdetarde.com\/wp-content\/uploads\/2023\/07\/image-309-768x512.png 768w, https:\/\/corrientesdetarde.com\/wp-content\/uploads\/2023\/07\/image-309.png 1280w\" sizes=\"auto, (max-width: 1024px) 100vw, 1024px\" \/><\/figure>\n\n\n\n<figure class=\"wp-block-image size-large\"><img loading=\"lazy\" decoding=\"async\" width=\"1024\" height=\"682\" src=\"https:\/\/corrientesdetarde.com\/wp-content\/uploads\/2023\/07\/image-310-1024x682.png\" alt=\"\" class=\"wp-image-72835\" srcset=\"https:\/\/corrientesdetarde.com\/wp-content\/uploads\/2023\/07\/image-310-1024x682.png 1024w, https:\/\/corrientesdetarde.com\/wp-content\/uploads\/2023\/07\/image-310-300x200.png 300w, https:\/\/corrientesdetarde.com\/wp-content\/uploads\/2023\/07\/image-310-768x512.png 768w, https:\/\/corrientesdetarde.com\/wp-content\/uploads\/2023\/07\/image-310.png 1280w\" sizes=\"auto, (max-width: 1024px) 100vw, 1024px\" \/><\/figure>\n\n\n\n<figure class=\"wp-block-image size-large\"><img loading=\"lazy\" decoding=\"async\" width=\"1024\" height=\"682\" src=\"https:\/\/corrientesdetarde.com\/wp-content\/uploads\/2023\/07\/image-311-1024x682.png\" alt=\"\" class=\"wp-image-72836\" srcset=\"https:\/\/corrientesdetarde.com\/wp-content\/uploads\/2023\/07\/image-311-1024x682.png 1024w, https:\/\/corrientesdetarde.com\/wp-content\/uploads\/2023\/07\/image-311-300x200.png 300w, https:\/\/corrientesdetarde.com\/wp-content\/uploads\/2023\/07\/image-311-768x512.png 768w, https:\/\/corrientesdetarde.com\/wp-content\/uploads\/2023\/07\/image-311.png 1280w\" sizes=\"auto, (max-width: 1024px) 100vw, 1024px\" \/><\/figure>\n\n\n\n<figure class=\"wp-block-image size-large\"><img loading=\"lazy\" decoding=\"async\" width=\"1024\" height=\"682\" src=\"https:\/\/corrientesdetarde.com\/wp-content\/uploads\/2023\/07\/image-312-1024x682.png\" alt=\"\" class=\"wp-image-72837\" srcset=\"https:\/\/corrientesdetarde.com\/wp-content\/uploads\/2023\/07\/image-312-1024x682.png 1024w, https:\/\/corrientesdetarde.com\/wp-content\/uploads\/2023\/07\/image-312-300x200.png 300w, https:\/\/corrientesdetarde.com\/wp-content\/uploads\/2023\/07\/image-312-768x512.png 768w, https:\/\/corrientesdetarde.com\/wp-content\/uploads\/2023\/07\/image-312.png 1280w\" sizes=\"auto, (max-width: 1024px) 100vw, 1024px\" \/><\/figure>\n\n\n\n<figure class=\"wp-block-image size-large\"><img loading=\"lazy\" decoding=\"async\" width=\"1024\" height=\"682\" src=\"https:\/\/corrientesdetarde.com\/wp-content\/uploads\/2023\/07\/image-313-1024x682.png\" alt=\"\" class=\"wp-image-72838\" srcset=\"https:\/\/corrientesdetarde.com\/wp-content\/uploads\/2023\/07\/image-313-1024x682.png 1024w, https:\/\/corrientesdetarde.com\/wp-content\/uploads\/2023\/07\/image-313-300x200.png 300w, https:\/\/corrientesdetarde.com\/wp-content\/uploads\/2023\/07\/image-313-768x512.png 768w, https:\/\/corrientesdetarde.com\/wp-content\/uploads\/2023\/07\/image-313.png 1280w\" sizes=\"auto, (max-width: 1024px) 100vw, 1024px\" \/><\/figure>\n\n\n\n<figure class=\"wp-block-image size-large\"><img loading=\"lazy\" decoding=\"async\" width=\"1024\" height=\"682\" src=\"https:\/\/corrientesdetarde.com\/wp-content\/uploads\/2023\/07\/image-314-1024x682.png\" alt=\"\" class=\"wp-image-72839\" srcset=\"https:\/\/corrientesdetarde.com\/wp-content\/uploads\/2023\/07\/image-314-1024x682.png 1024w, https:\/\/corrientesdetarde.com\/wp-content\/uploads\/2023\/07\/image-314-300x200.png 300w, https:\/\/corrientesdetarde.com\/wp-content\/uploads\/2023\/07\/image-314-768x512.png 768w, https:\/\/corrientesdetarde.com\/wp-content\/uploads\/2023\/07\/image-314.png 1280w\" sizes=\"auto, (max-width: 1024px) 100vw, 1024px\" \/><\/figure>\n\n\n\n<figure class=\"wp-block-image size-large\"><img loading=\"lazy\" decoding=\"async\" width=\"1024\" height=\"682\" src=\"https:\/\/corrientesdetarde.com\/wp-content\/uploads\/2023\/07\/image-315-1024x682.png\" alt=\"\" class=\"wp-image-72840\" srcset=\"https:\/\/corrientesdetarde.com\/wp-content\/uploads\/2023\/07\/image-315-1024x682.png 1024w, https:\/\/corrientesdetarde.com\/wp-content\/uploads\/2023\/07\/image-315-300x200.png 300w, https:\/\/corrientesdetarde.com\/wp-content\/uploads\/2023\/07\/image-315-768x512.png 768w, https:\/\/corrientesdetarde.com\/wp-content\/uploads\/2023\/07\/image-315.png 1280w\" sizes=\"auto, (max-width: 1024px) 100vw, 1024px\" \/><\/figure>\n","protected":false},"excerpt":{"rendered":"<p>Estudiantes y docentes de la Eragia y alumnos de la escuela EFA de la Regi\u00f3n de Languedoc Roussillon, en el sur de Francia, quienes se encuentran en el pa\u00eds mediante&hellip; <\/p>\n","protected":false},"author":8,"featured_media":72841,"comment_status":"closed","ping_status":"open","sticky":false,"template":"","format":"standard","meta":{"footnotes":""},"categories":[17],"tags":[],"class_list":["post-72833","post","type-post","status-publish","format-standard","has-post-thumbnail","hentry","category-sociales"],"_links":{"self":[{"href":"https:\/\/corrientesdetarde.com\/index.php\/wp-json\/wp\/v2\/posts\/72833","targetHints":{"allow":["GET"]}}],"collection":[{"href":"https:\/\/corrientesdetarde.com\/index.php\/wp-json\/wp\/v2\/posts"}],"about":[{"href":"https:\/\/corrientesdetarde.com\/index.php\/wp-json\/wp\/v2\/types\/post"}],"author":[{"embeddable":true,"href":"https:\/\/corrientesdetarde.com\/index.php\/wp-json\/wp\/v2\/users\/8"}],"replies":[{"embeddable":true,"href":"https:\/\/corrientesdetarde.com\/index.php\/wp-json\/wp\/v2\/comments?post=72833"}],"version-history":[{"count":1,"href":"https:\/\/corrientesdetarde.com\/index.php\/wp-json\/wp\/v2\/posts\/72833\/revisions"}],"predecessor-version":[{"id":72842,"href":"https:\/\/corrientesdetarde.com\/index.php\/wp-json\/wp\/v2\/posts\/72833\/revisions\/72842"}],"wp:featuredmedia":[{"embeddable":true,"href":"https:\/\/corrientesdetarde.com\/index.php\/wp-json\/wp\/v2\/media\/72841"}],"wp:attachment":[{"href":"https:\/\/corrientesdetarde.com\/index.php\/wp-json\/wp\/v2\/media?parent=72833"}],"wp:term":[{"taxonomy":"category","embeddable":true,"href":"https:\/\/corrientesdetarde.com\/index.php\/wp-json\/wp\/v2\/categories?post=72833"},{"taxonomy":"post_tag","embeddable":true,"href":"https:\/\/corrientesdetarde.com\/index.php\/wp-json\/wp\/v2\/tags?post=72833"}],"curies":[{"name":"wp","href":"https:\/\/api.w.org\/{rel}","templated":true}]}}