{"id":72862,"date":"2023-07-10T16:53:21","date_gmt":"2023-07-10T19:53:21","guid":{"rendered":"https:\/\/corrientesdetarde.com\/?p=72862"},"modified":"2023-07-10T18:32:56","modified_gmt":"2023-07-10T21:32:56","slug":"tras-la-rebelion-en-rusia-el-vladimir-putin-sello-la-paz-en-una-reunion-secreta-con-el-lider-del-grupo-wagner","status":"publish","type":"post","link":"https:\/\/corrientesdetarde.com\/index.php\/internacionales\/tras-la-rebelion-en-rusia-el-vladimir-putin-sello-la-paz-en-una-reunion-secreta-con-el-lider-del-grupo-wagner\/","title":{"rendered":"Tras la rebeli\u00f3n en Rusia, Vladimir Putin sell\u00f3 la paz en una reuni\u00f3n secreta con el l\u00edder del Grupo Wagner"},"content":{"rendered":"\n<p>Ambos se encontraron en Mosc\u00fa tras la rebeli\u00f3n de la organizaci\u00f3n mercenaria que lucha en Ucrania junto a las tropas rusas.<\/p>\n\n\n\n<p>El presidente ruso,\u00a0<strong>Vlad\u00edmir Putin<\/strong>, se reuni\u00f3 con el l\u00edder del\u00a0Grupo Wagner, Yevgeny Prigozhin, d\u00edas despu\u00e9s de la breve rebeli\u00f3n liderada por el jefe mercenario y su ej\u00e9rcito privado\u00a0que puso en vilo a Rusia.<\/p>\n\n\n\n<p>El encuentro fue confirmado este lunes por el vocero del Kremlin,\u00a0<strong>Dmitry Peskov<\/strong>, en el m\u00e1s reciente cap\u00edtulo de un drama indescifrable que dej\u00f3 fuertes interrogantes sobre el poder e influencia de ambos hombres en pugna.<\/p>\n\n\n\n<p>El vocero dijo a los periodistas que Putin hab\u00eda recibido a Prigozhin y a 34 comandantes de Wagner en el Kremlin el 29 de junio.<\/p>\n\n\n\n<p>\u201cLos propios comandantes esbozaron su versi\u00f3n de los hechos, enfatizando que son soldados y partidarios ac\u00e9rrimos del jefe de Estado y del comandante en jefe supremo\u201d, dijo Peskov. \u201cTambi\u00e9n dijeron que est\u00e1n listos para seguir luchando por la patria\u201d, agreg\u00f3, citado por<em>&nbsp;The Moscow Times<\/em>.<\/p>\n\n\n\n<p>El lunes temprano, el peri\u00f3dico franc\u00e9s&nbsp;<em>Lib\u00e9ration<\/em>&nbsp;inform\u00f3 por primera vez sobre la reuni\u00f3n del Kremlin y dijo que hab\u00eda tenido lugar el 1\u00b0 de julio. Adem\u00e1s, precis\u00f3 que al encuentro asistieron el jefe de la Guardia Nacional,&nbsp;<strong>Viktor Zolotov<\/strong>, y el jefe del espionaje ruso,&nbsp;<strong>Sergei Naryshkin<\/strong>.<\/p>\n\n\n\n<h2 class=\"wp-block-heading\">C\u00f3mo fue la reuni\u00f3n entre Vladimir Putin y el jefe del Grupo Wagner<\/h2>\n\n\n\n<p>La reuni\u00f3n de tres horas incluy\u00f3 a comandantes de la compa\u00f1\u00eda militar fundada por Prigozhin, sostuvo el vocero.<\/p>\n\n\n\n<p>Putin ofreci\u00f3 una evaluaci\u00f3n de las acciones del Grupo Wagner en el campo de batalla en Ucrania, donde los mercenarios ayudan a las tropas rusas, y de la propia revuelta que sorprendi\u00f3 al mundo.&nbsp;<strong>Las fuerzas de Wagner juraron lealtad a Putin<\/strong>, seg\u00fan Peskov.<\/p>\n\n\n\n<figure class=\"wp-block-image\"><img decoding=\"async\" src=\"https:\/\/tn.com.ar\/resizer\/o-UcbyQfNV9D3ZcBpuCC5WdQ__4=\/767x0\/smart\/filters:format(webp)\/cloudfront-us-east-1.images.arcpublishing.com\/artear\/EXWXL5OEBXYEKJ5LIAUGO6SFXE.jpg\" alt=\"Archivo - M\u00e1scaras que representan al presidente ruso Vlad\u00edmir Putin (derecha) y al propietario de la compa\u00f1\u00eda militar privada Grupo Wagner Yevgeny Prigozhin se ofrecen a la venta en una tienda de recuerdos en San Petersburgo, Rusia (AP Foto\/Archivo)\"\/><\/figure>\n\n\n\n<p>La confirmaci\u00f3n de que Putin se reuni\u00f3 en persona con Prigozhin, quien encabez\u00f3 una marcha armada hacia Mosc\u00fa el 24 de junio a fin de exigir la destituci\u00f3n del ministro de Defensa, es algo extraordinario, rese\u00f1\u00f3&nbsp;<em>AP<\/em>. Si bien el l\u00edder ruso calific\u00f3 de traidor a Prigozhin cuando ocurri\u00f3 el alzamiento y prometi\u00f3 duro castigo, el caso penal contra el l\u00edder mercenario fue luego descartado.<\/p>\n\n\n\n<h2 class=\"wp-block-heading\">Qu\u00e9 pasar\u00e1 ahora con el Grupo Wagner y su l\u00edder, Yevgeny Prigozhin<\/h2>\n\n\n\n<p>La suerte final que tendr\u00e1 Prigozhin sigue siendo un misterio, particularmente ahora que queda claro que muchos temas son negociados a puerta cerrada. El mismo d\u00eda del encuentro Putin-Prigozhin, el vocero del Kremlin le insisti\u00f3 a los reporteros que no ten\u00edan ninguna informaci\u00f3n sobre el paradero del jefe mercenario.<\/p>\n\n\n\n<p>Tambi\u00e9n el lunes, el Ministerio de Defensa public\u00f3 un video que mostr\u00f3 al jefe del ej\u00e9rcito ruso, el general\u00a0<strong>Valery Gerasimo<\/strong>v. Es la primera vez que se lo ve desde la rebeli\u00f3n mercenaria que busc\u00f3 sin \u00e9xito su salida.<\/p>\n\n\n\n<p>Las publicaciones simult\u00e1neas del lunes parec\u00edan ser un intento de Mosc\u00fa de tomar el control del relato tras un periodo turbulento y en v\u00edsperas de la cumbre de la OTAN que se celebrar\u00e1 este martes y mi\u00e9rcoles en Vilna, capital de Lituania, a las puertas de Rusia.<\/p>\n\n\n\n<p>Hasta hace poco, Putin negaba que existiera alg\u00fan v\u00ednculo entre el Estado y las fuerzas de Prigozhin. Los mercenarios son ilegales en Rusia, pero el Grupo Wagner ha luchado para impulsar intereses rusos en distintas partes del mundo, y fueron vitales en la captura de B\u00e1jmut, la batalla m\u00e1s larga y sangrienta de la guerra en Ucrania.<\/p>\n\n\n\n<p>Durante el conflicto, Prigozhin cuestion\u00f3 decisiones tomadas por la c\u00fapula militar rusa, lo que condujo a tensiones con el Kremlin que culminaron en la revuelta del 24 de junio.<\/p>\n\n\n\n<p>La rebeli\u00f3n debilit\u00f3 severamente a la autoridad de Putin, aunque Prigozhin asegur\u00f3 que el alzamiento no era contra el presidente, sino contra el ministro de Defensa,&nbsp;<strong>Sergei Shoigu<\/strong>, y al general Gerasimov. El alzamiento termin\u00f3 cuando Prigozhin lleg\u00f3 a un acuerdo para irse a Bielorrusia.<\/p>\n\n\n\n<p>D\u00edas despu\u00e9s del alzamiento, el presidente bielorruso,&nbsp;<strong>Alexander Lukashenko<\/strong>, dijo que Prigozhin estaba en Bielorrusia. Pero la semana pasada el presidente afirm\u00f3 que el jefe mercenario hab\u00eda viajado a Rusia y que el Grupo Wagner estaba en sus campamentos.<\/p>\n","protected":false},"excerpt":{"rendered":"<p>Ambos se encontraron en Mosc\u00fa tras la rebeli\u00f3n de la organizaci\u00f3n mercenaria que lucha en Ucrania junto a las tropas rusas. El presidente ruso,\u00a0Vlad\u00edmir Putin, se reuni\u00f3 con el l\u00edder&hellip; <\/p>\n","protected":false},"author":8,"featured_media":72863,"comment_status":"closed","ping_status":"open","sticky":false,"template":"","format":"standard","meta":{"footnotes":""},"categories":[11],"tags":[],"class_list":["post-72862","post","type-post","status-publish","format-standard","has-post-thumbnail","hentry","category-internacionales"],"_links":{"self":[{"href":"https:\/\/corrientesdetarde.com\/index.php\/wp-json\/wp\/v2\/posts\/72862","targetHints":{"allow":["GET"]}}],"collection":[{"href":"https:\/\/corrientesdetarde.com\/index.php\/wp-json\/wp\/v2\/posts"}],"about":[{"href":"https:\/\/corrientesdetarde.com\/index.php\/wp-json\/wp\/v2\/types\/post"}],"author":[{"embeddable":true,"href":"https:\/\/corrientesdetarde.com\/index.php\/wp-json\/wp\/v2\/users\/8"}],"replies":[{"embeddable":true,"href":"https:\/\/corrientesdetarde.com\/index.php\/wp-json\/wp\/v2\/comments?post=72862"}],"version-history":[{"count":2,"href":"https:\/\/corrientesdetarde.com\/index.php\/wp-json\/wp\/v2\/posts\/72862\/revisions"}],"predecessor-version":[{"id":72879,"href":"https:\/\/corrientesdetarde.com\/index.php\/wp-json\/wp\/v2\/posts\/72862\/revisions\/72879"}],"wp:featuredmedia":[{"embeddable":true,"href":"https:\/\/corrientesdetarde.com\/index.php\/wp-json\/wp\/v2\/media\/72863"}],"wp:attachment":[{"href":"https:\/\/corrientesdetarde.com\/index.php\/wp-json\/wp\/v2\/media?parent=72862"}],"wp:term":[{"taxonomy":"category","embeddable":true,"href":"https:\/\/corrientesdetarde.com\/index.php\/wp-json\/wp\/v2\/categories?post=72862"},{"taxonomy":"post_tag","embeddable":true,"href":"https:\/\/corrientesdetarde.com\/index.php\/wp-json\/wp\/v2\/tags?post=72862"}],"curies":[{"name":"wp","href":"https:\/\/api.w.org\/{rel}","templated":true}]}}