{"id":72865,"date":"2023-07-10T16:57:59","date_gmt":"2023-07-10T19:57:59","guid":{"rendered":"https:\/\/corrientesdetarde.com\/?p=72865"},"modified":"2023-07-10T16:58:21","modified_gmt":"2023-07-10T19:58:21","slug":"fernandez-sigue-casi-sin-actividad-y-massa-potencia-su-campana","status":"publish","type":"post","link":"https:\/\/corrientesdetarde.com\/index.php\/opinion\/fernandez-sigue-casi-sin-actividad-y-massa-potencia-su-campana\/","title":{"rendered":"Fern\u00e1ndez sigue casi sin actividad y Massa potencia su campa\u00f1a"},"content":{"rendered":"\n<p><strong>Por Juan Pablo Peralta desde Casa Rosada<\/strong><\/p>\n\n\n\n<p>El presidente Alberto Fern\u00e1ndez inicia la semana encabezando la cena de camarader\u00eda de las Fuerzas Armadas en el ministerio de Defensa junto al ministro de la cartera, Jorge Taiana.<br>En Casa Rosada retumba a\u00fan la postal de unidad que obtuvo este domingo, Sergio Massa, en la inauguraci\u00f3n del Gasoducto N\u00e9stor Kirchner. El evento tambi\u00e9n resalt\u00f3 las diferencias que persisten entre el presidente y su vice, Cristina Kirchner.<\/p>\n\n\n\n<figure class=\"wp-block-embed is-type-video is-provider-youtube wp-block-embed-youtube wp-embed-aspect-4-3 wp-has-aspect-ratio\"><div class=\"wp-block-embed__wrapper\">\n<iframe loading=\"lazy\" title=\"Fern\u00e1ndez sigue casi sin actividad y Massa potencia su campa\u00f1a\" width=\"1110\" height=\"833\" src=\"https:\/\/www.youtube.com\/embed\/6GLYiJodshg?feature=oembed\" frameborder=\"0\" allow=\"accelerometer; autoplay; clipboard-write; encrypted-media; gyroscope; picture-in-picture; web-share\" allowfullscreen><\/iframe>\n<\/div><\/figure>\n\n\n\n<p>A las cr\u00edticas de la oposici\u00f3n por el acto que consideraron de uso pol\u00edtico electoral, respondieron desde titular del Poder Ejecutivo hasta el jefe de Gabinete y precandidato a vicepresidente, Agust\u00edn Rossi. El ministro de Econom\u00eda contin\u00faa potenciando el concepto de que su campa\u00f1a es la gesti\u00f3n y se muestra hiperactivo, pero con problemas, como la presi\u00f3n que persiste en el tipo de cambio, la inflaci\u00f3n y la suba de los combustibles.<\/p>\n","protected":false},"excerpt":{"rendered":"<p>Por Juan Pablo Peralta desde Casa Rosada El presidente Alberto Fern\u00e1ndez inicia la semana encabezando la cena de camarader\u00eda de las Fuerzas Armadas en el ministerio de Defensa junto al&hellip; <\/p>\n","protected":false},"author":11,"featured_media":72868,"comment_status":"closed","ping_status":"open","sticky":false,"template":"","format":"standard","meta":{"footnotes":""},"categories":[35],"tags":[],"class_list":["post-72865","post","type-post","status-publish","format-standard","has-post-thumbnail","hentry","category-opinion"],"_links":{"self":[{"href":"https:\/\/corrientesdetarde.com\/index.php\/wp-json\/wp\/v2\/posts\/72865","targetHints":{"allow":["GET"]}}],"collection":[{"href":"https:\/\/corrientesdetarde.com\/index.php\/wp-json\/wp\/v2\/posts"}],"about":[{"href":"https:\/\/corrientesdetarde.com\/index.php\/wp-json\/wp\/v2\/types\/post"}],"author":[{"embeddable":true,"href":"https:\/\/corrientesdetarde.com\/index.php\/wp-json\/wp\/v2\/users\/11"}],"replies":[{"embeddable":true,"href":"https:\/\/corrientesdetarde.com\/index.php\/wp-json\/wp\/v2\/comments?post=72865"}],"version-history":[{"count":1,"href":"https:\/\/corrientesdetarde.com\/index.php\/wp-json\/wp\/v2\/posts\/72865\/revisions"}],"predecessor-version":[{"id":72869,"href":"https:\/\/corrientesdetarde.com\/index.php\/wp-json\/wp\/v2\/posts\/72865\/revisions\/72869"}],"wp:featuredmedia":[{"embeddable":true,"href":"https:\/\/corrientesdetarde.com\/index.php\/wp-json\/wp\/v2\/media\/72868"}],"wp:attachment":[{"href":"https:\/\/corrientesdetarde.com\/index.php\/wp-json\/wp\/v2\/media?parent=72865"}],"wp:term":[{"taxonomy":"category","embeddable":true,"href":"https:\/\/corrientesdetarde.com\/index.php\/wp-json\/wp\/v2\/categories?post=72865"},{"taxonomy":"post_tag","embeddable":true,"href":"https:\/\/corrientesdetarde.com\/index.php\/wp-json\/wp\/v2\/tags?post=72865"}],"curies":[{"name":"wp","href":"https:\/\/api.w.org\/{rel}","templated":true}]}}