{"id":72897,"date":"2023-07-10T21:30:45","date_gmt":"2023-07-11T00:30:45","guid":{"rendered":"https:\/\/corrientesdetarde.com\/?p=72897"},"modified":"2023-07-10T21:30:46","modified_gmt":"2023-07-11T00:30:46","slug":"hablo-el-dueno-de-los-dogos-que-mataron-a-una-adolescente-pido-mil-disculpas-a-la-familia","status":"publish","type":"post","link":"https:\/\/corrientesdetarde.com\/index.php\/policiales\/hablo-el-dueno-de-los-dogos-que-mataron-a-una-adolescente-pido-mil-disculpas-a-la-familia\/","title":{"rendered":"Habl\u00f3 el due\u00f1o de los dogos que mataron a una adolescente: &#8220;Pido mil disculpas a la familia&#8221;"},"content":{"rendered":"\n<p>Tras la salvaje muerte de Trinidad, la adolescente de 15 a\u00f1os que muri\u00f3 atacada por dos dogos, el due\u00f1o de los perros le pidi\u00f3 disculpas a la familia de la v\u00edctima. Sin embargo, no quiso profundizar sobre el tema porque no estaba en su casa cuando ocurri\u00f3 el hecho.<\/p>\n\n\n\n<p>&#8220;Pido mil perdones a la familia, no fue mi intenci\u00f3n&#8221;, afirm\u00f3 el hombre, que fue identificado como &#8220;Jos\u00e9&#8221;, en un breve contacto con la prensa.<\/p>\n\n\n\n<p>Sus perros atacaron el domingo al mediod\u00eda a una chica de 15 a\u00f1os que fue sorprendida mientras paseaba a su animal de compa\u00f1\u00eda en el barrio Estaci\u00f3n Flores de C\u00f3rdoba. Fue derivada en grave estado e inconsciente al Hospital de Urgencias Municipal, donde muri\u00f3 esta madrugada.<\/p>\n\n\n\n<p>&nbsp;<br>El due\u00f1o de los animales asegur\u00f3 que no puede dar precisiones sobre el hecho porque, seg\u00fan sostuvo, no estaba en su casa cuando los animales escaparon y cometieron el salvaje ataque.<\/p>\n\n\n\n<p>&nbsp; &nbsp;&nbsp;<br>&#8220;No puedo decir nada porque no estuve. En otro momento hablar\u00e9, lo \u00fanico que digo es que le pido mil perdones a la familia, no fue la intenci\u00f3n de esta casa&#8221;, insisti\u00f3 en di\u00e1logo con El Doce TV.<\/p>\n\n\n\n<p>Tras conocerse la triste noticia, el Ministerio P\u00fablico Fiscal (MPF) de C\u00f3rdoba inform\u00f3 este mediod\u00eda que el due\u00f1o de los perros agresores fue imputado por los delitos de &#8220;homicidio culposo y lesiones culposas&#8221;.<\/p>\n\n\n\n<p>Seg\u00fan fuentes allegadas a la investigaci\u00f3n, los dogos no solo atacaron a la adolescente, sino que adem\u00e1s lesionaron a un hombre de 40 a\u00f1os, quien se encuentra fuera de peligro.<\/p>\n\n\n\n<p><strong>Entrenamiento con pumas: la historia de los dogos que mataron a una chica en C\u00f3rdoba<\/strong><\/p>\n\n\n\n<p><br>Maximiliano, el vecino que mat\u00f3 a los dos animales a cuchillazos para defender a su familia, cont\u00f3 algunos detalles sobre el pasado de los perros, su relaci\u00f3n con los pumas y con la caza.<\/p>\n\n\n\n<p>El hombre cont\u00f3 a TN que el matrimonio due\u00f1o de los dos dogos argentinos tienen un perro m\u00e1s y trajo a los dos animales del campo. &#8220;Los trajeron con la sangre para ser cazadores. Los dos eran cazadores, una cosa es que te pueda morder como un acto de defensa, y otra es que quieran matar a todos&#8221;.<\/p>\n\n\n\n<p>En la misma l\u00ednea, record\u00f3 el ataque que sufri\u00f3 su hermano: &#8220;El se salv\u00f3 de casualidad cuando quiso ayudar a otros perros que eran atacados. Ellos en vez de atacar a los perros atacan a las personas. \u00bfA d\u00f3nde est\u00e1 el cuidado y la educaci\u00f3n que le han dado?&#8221;<\/p>\n\n\n\n<p>En ese aspecto, apunt\u00f3 contra los due\u00f1os de los dogos: &#8220;No dieron la cara y dejaron tirada a la chica, no le mandaron ni un mensaje a la familia. Tanto que van a la iglesia, \u00bfa d\u00f3nde est\u00e1 el perd\u00f3n y la misericordia de ellos? Esa criatura ten\u00eda toda la vida por delante, era una chica buena&#8221;.<\/p>\n\n\n\n<p>&#8220;Fue una situaci\u00f3n fea. Nunca mat\u00e9 a un animal y a m\u00ed me encantan los perros. Tener que hacer lo que hice no me gust\u00f3. Esos no eran perros, eran m\u00e1quinas para matar, para asesinar. Vos pas\u00e1s por adelante de la casa y ten\u00e9s miedo. Mi sobrino no quiere pasar por adelante de la casa por miedo a que lo ataquen&#8221;, cerr\u00f3.<\/p>\n","protected":false},"excerpt":{"rendered":"<p>Tras la salvaje muerte de Trinidad, la adolescente de 15 a\u00f1os que muri\u00f3 atacada por dos dogos, el due\u00f1o de los perros le pidi\u00f3 disculpas a la familia de la&hellip; <\/p>\n","protected":false},"author":1,"featured_media":72908,"comment_status":"closed","ping_status":"open","sticky":false,"template":"","format":"standard","meta":{"footnotes":""},"categories":[33],"tags":[],"class_list":["post-72897","post","type-post","status-publish","format-standard","has-post-thumbnail","hentry","category-policiales"],"_links":{"self":[{"href":"https:\/\/corrientesdetarde.com\/index.php\/wp-json\/wp\/v2\/posts\/72897","targetHints":{"allow":["GET"]}}],"collection":[{"href":"https:\/\/corrientesdetarde.com\/index.php\/wp-json\/wp\/v2\/posts"}],"about":[{"href":"https:\/\/corrientesdetarde.com\/index.php\/wp-json\/wp\/v2\/types\/post"}],"author":[{"embeddable":true,"href":"https:\/\/corrientesdetarde.com\/index.php\/wp-json\/wp\/v2\/users\/1"}],"replies":[{"embeddable":true,"href":"https:\/\/corrientesdetarde.com\/index.php\/wp-json\/wp\/v2\/comments?post=72897"}],"version-history":[{"count":1,"href":"https:\/\/corrientesdetarde.com\/index.php\/wp-json\/wp\/v2\/posts\/72897\/revisions"}],"predecessor-version":[{"id":72909,"href":"https:\/\/corrientesdetarde.com\/index.php\/wp-json\/wp\/v2\/posts\/72897\/revisions\/72909"}],"wp:featuredmedia":[{"embeddable":true,"href":"https:\/\/corrientesdetarde.com\/index.php\/wp-json\/wp\/v2\/media\/72908"}],"wp:attachment":[{"href":"https:\/\/corrientesdetarde.com\/index.php\/wp-json\/wp\/v2\/media?parent=72897"}],"wp:term":[{"taxonomy":"category","embeddable":true,"href":"https:\/\/corrientesdetarde.com\/index.php\/wp-json\/wp\/v2\/categories?post=72897"},{"taxonomy":"post_tag","embeddable":true,"href":"https:\/\/corrientesdetarde.com\/index.php\/wp-json\/wp\/v2\/tags?post=72897"}],"curies":[{"name":"wp","href":"https:\/\/api.w.org\/{rel}","templated":true}]}}