{"id":72898,"date":"2023-07-10T21:29:36","date_gmt":"2023-07-11T00:29:36","guid":{"rendered":"https:\/\/corrientesdetarde.com\/?p=72898"},"modified":"2023-07-10T21:29:57","modified_gmt":"2023-07-11T00:29:57","slug":"la-salud-de-silvina-luna-evoluciona-favorablemente","status":"publish","type":"post","link":"https:\/\/corrientesdetarde.com\/index.php\/espectaculos\/la-salud-de-silvina-luna-evoluciona-favorablemente\/","title":{"rendered":"La salud de Silvina Luna evoluciona favorablemente"},"content":{"rendered":"\n<p>Silvina Luna contin\u00faa internada en la unidad de terapia intensiva en el Hospital Italiano. A pesar de que su estado de salud sigue siendo cr\u00edtico, desde el entorno de la modelo le confirmaron a TN Show que la evoluci\u00f3n es favorable. &#8220;Aparentemente est\u00e1 mejor. Permanece extubada, tolera la dieta y contin\u00faa con las sesiones de di\u00e1lisis&#8221;, indicaron.<\/p>\n\n\n\n<p>&nbsp;La \u00faltima novedad sobre la salud de la modelo tambi\u00e9n hab\u00edan sido positivas. El viernes, al aire de LAM (Am\u00e9rica), \u00c1ngel de Brito revel\u00f3 que la ex Gran Hermano ya est\u00e1 utilizando su celular para hacer meditaciones y su estado general mejor\u00f3. &#8220;Empez\u00f3 a hacer algunos chistes y a mejorar de \u00e1nimo&#8221;, inform\u00f3 el conductor. Adem\u00e1s, precis\u00f3 que Luna se somete a entre seis y ocho horas de di\u00e1lisis.<\/p>\n\n\n\n<p>&#8220;El cuadro sigue siendo cr\u00edtico, pero hay ciertas mejoras en su estado de \u00e1nimo y f\u00edsico tambi\u00e9n&#8221;, dijo el periodista Y, sobre ese punto, profundiz\u00f3: &#8220;Est\u00e1 comiendo. Ya agarr\u00f3 su celular, no le manden mensajes porque no tiene el WhatsApp ni las redes, ni nada. Usa el celular para hacer meditaciones, que ella ya ven\u00eda haciendo, as\u00ed que las escucha a trav\u00e9s del celular&#8221;.<\/p>\n\n\n\n<p><strong>Cu\u00e1l es el tratamiento que est\u00e1 realizando Silvina Luna<\/strong><\/p>\n\n\n\n<p>Respecto al tratamiento al que Silvina Luna se est\u00e1 sometiendo a diario, \u00c1ngel de Brito explic\u00f3 que la di\u00e1lisis es de seis a ocho horas. &#8220;Es una carga bastante pesada&#8221;, expuso. Y agreg\u00f3: &#8220;Est\u00e1 mucho tiempo acostada y eso le genera muchos dolores, pero sigue respirando por s\u00ed misma, sin el respirador como estaba conectada antes&#8221;.<\/p>\n\n\n\n<p>Asimismo, los amigos de Luna comentaron que ahora &#8220;est\u00e1 tomando la iniciativa&#8221;. De Brito dijo: &#8220;Ella volvi\u00f3 a ser m\u00e1s como Silvina Luna&#8221;. &#8220;Ya empieza a hacer algunos chistes y a mejorar su \u00e1nimo, a pesar de que el cuadro sigue siendo complicado. Todo esto lo cuento como una leve mejor\u00eda. S\u00e9 que mucha gente quiere escuchar noticias de Silvina y que mucha gente la quiere&#8221;, indic\u00f3.<\/p>\n\n\n\n<p>Por \u00faltimo, el presentador detall\u00f3 c\u00f3mo es el proceso que debe atravesar Silvina para poder recibir el trasplante de ri\u00f1\u00f3n: &#8220;Lo primero que tienen que hacer es sacar la bacteria, que es un tratamiento que como cont\u00f3 ella ac\u00e1 lleva un a\u00f1o, y faltan 10 meses todav\u00eda de di\u00e1lisis para sacar la bacteria hasta llegar al trasplante&#8221;.<\/p>\n","protected":false},"excerpt":{"rendered":"<p>Silvina Luna contin\u00faa internada en la unidad de terapia intensiva en el Hospital Italiano. A pesar de que su estado de salud sigue siendo cr\u00edtico, desde el entorno de la&hellip; <\/p>\n","protected":false},"author":1,"featured_media":72906,"comment_status":"closed","ping_status":"open","sticky":false,"template":"","format":"standard","meta":{"footnotes":""},"categories":[19],"tags":[],"class_list":["post-72898","post","type-post","status-publish","format-standard","has-post-thumbnail","hentry","category-espectaculos"],"_links":{"self":[{"href":"https:\/\/corrientesdetarde.com\/index.php\/wp-json\/wp\/v2\/posts\/72898","targetHints":{"allow":["GET"]}}],"collection":[{"href":"https:\/\/corrientesdetarde.com\/index.php\/wp-json\/wp\/v2\/posts"}],"about":[{"href":"https:\/\/corrientesdetarde.com\/index.php\/wp-json\/wp\/v2\/types\/post"}],"author":[{"embeddable":true,"href":"https:\/\/corrientesdetarde.com\/index.php\/wp-json\/wp\/v2\/users\/1"}],"replies":[{"embeddable":true,"href":"https:\/\/corrientesdetarde.com\/index.php\/wp-json\/wp\/v2\/comments?post=72898"}],"version-history":[{"count":1,"href":"https:\/\/corrientesdetarde.com\/index.php\/wp-json\/wp\/v2\/posts\/72898\/revisions"}],"predecessor-version":[{"id":72907,"href":"https:\/\/corrientesdetarde.com\/index.php\/wp-json\/wp\/v2\/posts\/72898\/revisions\/72907"}],"wp:featuredmedia":[{"embeddable":true,"href":"https:\/\/corrientesdetarde.com\/index.php\/wp-json\/wp\/v2\/media\/72906"}],"wp:attachment":[{"href":"https:\/\/corrientesdetarde.com\/index.php\/wp-json\/wp\/v2\/media?parent=72898"}],"wp:term":[{"taxonomy":"category","embeddable":true,"href":"https:\/\/corrientesdetarde.com\/index.php\/wp-json\/wp\/v2\/categories?post=72898"},{"taxonomy":"post_tag","embeddable":true,"href":"https:\/\/corrientesdetarde.com\/index.php\/wp-json\/wp\/v2\/tags?post=72898"}],"curies":[{"name":"wp","href":"https:\/\/api.w.org\/{rel}","templated":true}]}}