{"id":72899,"date":"2023-07-10T21:25:12","date_gmt":"2023-07-11T00:25:12","guid":{"rendered":"https:\/\/corrientesdetarde.com\/?p=72899"},"modified":"2023-07-10T21:25:29","modified_gmt":"2023-07-11T00:25:29","slug":"el-chamame-esta-de-luto-pesar-por-el-fallecimiento-de-eustaquio-papi-mino","status":"publish","type":"post","link":"https:\/\/corrientesdetarde.com\/index.php\/cultura\/el-chamame-esta-de-luto-pesar-por-el-fallecimiento-de-eustaquio-papi-mino\/","title":{"rendered":"El chamam\u00e9 est\u00e1 de luto: pesar por el fallecimiento de Eustaquio &#8220;Papi&#8221; Mi\u00f1o"},"content":{"rendered":"\n<p>El intendente de Mburucuy\u00e1 expres\u00f3 sus condolencias a trav\u00e9s de las redes sociales\u00a0<\/p>\n\n\n\n<figure class=\"wp-block-image\"><img decoding=\"async\" src=\"https:\/\/www.diarioepoca.com\/content\/bucket\/7\/1307667w762h769c.jpg.webp\" alt=\"\"\/><\/figure>\n","protected":false},"excerpt":{"rendered":"<p>El intendente de Mburucuy\u00e1 expres\u00f3 sus condolencias a trav\u00e9s de las redes sociales\u00a0<\/p>\n","protected":false},"author":1,"featured_media":72903,"comment_status":"closed","ping_status":"open","sticky":false,"template":"","format":"standard","meta":{"footnotes":""},"categories":[15],"tags":[],"class_list":["post-72899","post","type-post","status-publish","format-standard","has-post-thumbnail","hentry","category-cultura"],"_links":{"self":[{"href":"https:\/\/corrientesdetarde.com\/index.php\/wp-json\/wp\/v2\/posts\/72899","targetHints":{"allow":["GET"]}}],"collection":[{"href":"https:\/\/corrientesdetarde.com\/index.php\/wp-json\/wp\/v2\/posts"}],"about":[{"href":"https:\/\/corrientesdetarde.com\/index.php\/wp-json\/wp\/v2\/types\/post"}],"author":[{"embeddable":true,"href":"https:\/\/corrientesdetarde.com\/index.php\/wp-json\/wp\/v2\/users\/1"}],"replies":[{"embeddable":true,"href":"https:\/\/corrientesdetarde.com\/index.php\/wp-json\/wp\/v2\/comments?post=72899"}],"version-history":[{"count":2,"href":"https:\/\/corrientesdetarde.com\/index.php\/wp-json\/wp\/v2\/posts\/72899\/revisions"}],"predecessor-version":[{"id":72905,"href":"https:\/\/corrientesdetarde.com\/index.php\/wp-json\/wp\/v2\/posts\/72899\/revisions\/72905"}],"wp:featuredmedia":[{"embeddable":true,"href":"https:\/\/corrientesdetarde.com\/index.php\/wp-json\/wp\/v2\/media\/72903"}],"wp:attachment":[{"href":"https:\/\/corrientesdetarde.com\/index.php\/wp-json\/wp\/v2\/media?parent=72899"}],"wp:term":[{"taxonomy":"category","embeddable":true,"href":"https:\/\/corrientesdetarde.com\/index.php\/wp-json\/wp\/v2\/categories?post=72899"},{"taxonomy":"post_tag","embeddable":true,"href":"https:\/\/corrientesdetarde.com\/index.php\/wp-json\/wp\/v2\/tags?post=72899"}],"curies":[{"name":"wp","href":"https:\/\/api.w.org\/{rel}","templated":true}]}}