{"id":72900,"date":"2023-07-10T21:20:17","date_gmt":"2023-07-11T00:20:17","guid":{"rendered":"https:\/\/corrientesdetarde.com\/?p=72900"},"modified":"2023-07-10T21:20:48","modified_gmt":"2023-07-11T00:20:48","slug":"preocupante-este-martes-continuaria-el-paro-de-colectivos-en-corrientes","status":"publish","type":"post","link":"https:\/\/corrientesdetarde.com\/index.php\/informacion-general\/preocupante-este-martes-continuaria-el-paro-de-colectivos-en-corrientes\/","title":{"rendered":"preocupante:\u00a0Este martes continuar\u00eda el paro de colectivos en Corrientes"},"content":{"rendered":"\n<p>La soluci\u00f3n que esperan depende de aportes de subsidios para las empresas que no llegan. &#8220;Hasta este momento seguimos sin soluci\u00f3n alguna, si en lo que resta del d\u00eda sigue igual, este martes no va haber servicio&#8221;, fue la respuesta que Jos\u00e9 Luis Sabao, titular de la Uni\u00f3n Tranviarios Automotor (UTA) seccional Corrientes.\u00a0<\/p>\n\n\n\n<p>Vale recordar que la definici\u00f3n que dio el gremialista al confirmar que durante el primer d\u00eda de la semana tampoco habr\u00e1 servicios de colectivos en la ciudad de Corrientes, ya la adelant\u00f3 el s\u00e1bado, cuando aclar\u00f3 que la medida de fuerza &#8220;continuar\u00e1 y no habr\u00e1 colectivos hasta tener una soluci\u00f3n concreta y recibir lo que acordamos en el \u00faltimo acta firmado entre UTA y FATAP&#8221;.<\/p>\n","protected":false},"excerpt":{"rendered":"<p>La soluci\u00f3n que esperan depende de aportes de subsidios para las empresas que no llegan. &#8220;Hasta este momento seguimos sin soluci\u00f3n alguna, si en lo que resta del d\u00eda sigue&hellip; <\/p>\n","protected":false},"author":1,"featured_media":72676,"comment_status":"closed","ping_status":"open","sticky":false,"template":"","format":"standard","meta":{"footnotes":""},"categories":[1,17],"tags":[],"class_list":["post-72900","post","type-post","status-publish","format-standard","has-post-thumbnail","hentry","category-informacion-general","category-sociales"],"_links":{"self":[{"href":"https:\/\/corrientesdetarde.com\/index.php\/wp-json\/wp\/v2\/posts\/72900","targetHints":{"allow":["GET"]}}],"collection":[{"href":"https:\/\/corrientesdetarde.com\/index.php\/wp-json\/wp\/v2\/posts"}],"about":[{"href":"https:\/\/corrientesdetarde.com\/index.php\/wp-json\/wp\/v2\/types\/post"}],"author":[{"embeddable":true,"href":"https:\/\/corrientesdetarde.com\/index.php\/wp-json\/wp\/v2\/users\/1"}],"replies":[{"embeddable":true,"href":"https:\/\/corrientesdetarde.com\/index.php\/wp-json\/wp\/v2\/comments?post=72900"}],"version-history":[{"count":2,"href":"https:\/\/corrientesdetarde.com\/index.php\/wp-json\/wp\/v2\/posts\/72900\/revisions"}],"predecessor-version":[{"id":72902,"href":"https:\/\/corrientesdetarde.com\/index.php\/wp-json\/wp\/v2\/posts\/72900\/revisions\/72902"}],"wp:featuredmedia":[{"embeddable":true,"href":"https:\/\/corrientesdetarde.com\/index.php\/wp-json\/wp\/v2\/media\/72676"}],"wp:attachment":[{"href":"https:\/\/corrientesdetarde.com\/index.php\/wp-json\/wp\/v2\/media?parent=72900"}],"wp:term":[{"taxonomy":"category","embeddable":true,"href":"https:\/\/corrientesdetarde.com\/index.php\/wp-json\/wp\/v2\/categories?post=72900"},{"taxonomy":"post_tag","embeddable":true,"href":"https:\/\/corrientesdetarde.com\/index.php\/wp-json\/wp\/v2\/tags?post=72900"}],"curies":[{"name":"wp","href":"https:\/\/api.w.org\/{rel}","templated":true}]}}