{"id":72911,"date":"2023-07-10T23:19:59","date_gmt":"2023-07-11T02:19:59","guid":{"rendered":"https:\/\/corrientesdetarde.com\/?p=72911"},"modified":"2023-07-10T23:20:21","modified_gmt":"2023-07-11T02:20:21","slug":"la-cgt-respalda-rotundamente-la-candidatura-de-sergio-massa-en-busca-de-un-futuro-prospero-para-argentina","status":"publish","type":"post","link":"https:\/\/corrientesdetarde.com\/index.php\/politica\/la-cgt-respalda-rotundamente-la-candidatura-de-sergio-massa-en-busca-de-un-futuro-prospero-para-argentina\/","title":{"rendered":"LA CGT RESPALDA ROTUNDAMENTE LA CANDIDATURA DE SERGIO MASSA EN BUSCA DE UN FUTURO PR\u00d3SPERO PARA ARGENTINA"},"content":{"rendered":"\n<p>(Pablo Roma, Gremiales) &#8211; En una reuni\u00f3n trascendental con representantes de diversas organizaciones sindicales, el Secretario General del Sindicato de Obras Sanitarias SGBATOS, Jos\u00e9 Luis Lingieri, manifest\u00f3 el apoyo de la Confederaci\u00f3n General del Trabajo (CGT) al candidato de Uni\u00f3n por la Patria, Sergio Massa.<\/p>\n\n\n\n<p>\u201cEn un claro gesto de unidad y compromiso, la CGT demostr\u00f3 su voluntad de unir fuerzas para respaldar a un l\u00edder pol\u00edtico que consideran capaz de conducir al pa\u00eds hacia un futuro pr\u00f3spero\u201d, dijo Lingieri.<\/p>\n\n\n\n<p>El l\u00edder de los trabajadores de Aguas, enfatiz\u00f3 que Massa demostr\u00f3 su compromiso con la patria y el movimiento peronista y por ello, la CGT recalca la importancia de colocar los intereses nacionales por encima de cualquier otra consideraci\u00f3n pol\u00edtica.<\/p>\n\n\n\n<p>&#8220;En la acci\u00f3n pol\u00edtica, la escala de valores de todo peronista es la siguiente: primero la patria, despu\u00e9s el Movimiento y luego los hombres. La pol\u00edtica no es para nosotros un fin, sino solo el medio para el bien de la Patria, que es la felicidad de sus hijos y la grandeza nacional&#8221;, expres\u00f3 Lingieri, resaltando los principios fundamentales que gu\u00edan su apoyo al ministro de Econom\u00eda..<\/p>\n\n\n\n<p>Asegur\u00f3 que la decisi\u00f3n de respaldar a Sergio Massa ha sido fruto de un consenso alcanzado entre las diferentes visiones y diferencias dentro de la CGT. \u201cSe reconoce la trayectoria pol\u00edtica de Massa, su habilidad para el di\u00e1logo y su compromiso con los intereses de los trabajadores y trabajadoras\u201d, expres\u00f3.<\/p>\n\n\n\n<p>Asegur\u00f3 que la CGT est\u00e1 convencida de que es el candidato id\u00f3neo para enfrentar los desaf\u00edos actuales y futuros de la naci\u00f3n, as\u00ed como para impulsar el crecimiento econ\u00f3mico y la generaci\u00f3n de empleo a trav\u00e9s de un nuevo contrato social que incluya a los trabajadores, las empresas y el Estado.<\/p>\n\n\n\n<p>Admiti\u00f3 que el movimiento obrero organizado busca fortalecer su rol como actor pol\u00edtico y formar parte activa de la estrategia liderada por Sergio Massa. \u201cSu objetivo es contribuir a la construcci\u00f3n de un pa\u00eds m\u00e1s justo, equitativo y pr\u00f3spero para todos los argentinos. Por ello, se comprometen a respaldar activamente su candidatura y a trabajar en conjunto para lograr los cambios necesarios que demanda el pa\u00eds\u201d, afirm\u00f3.<\/p>\n\n\n\n<p>Como muestra de su pleno y decidido apoyo, la CGT espera recibir a Sergio Massa en su sede de Azopardo y organizar un acto de campa\u00f1a conjunto en un estadio. Esta iniciativa pretende consolidar la unidad y la tolerancia entre los diferentes sectores y demostrar el compromiso de la CGT en respaldar a Massa como el pr\u00f3ximo presidente de los argentinos. \u201cHa llegado el momento de trabajar juntos para alcanzar el bienestar de todos los ciudadanos y construir un pa\u00eds pr\u00f3spero\u201d, transmiti\u00f3 el gremialista.<\/p>\n\n\n\n<p>En conclusi\u00f3n, la Confederaci\u00f3n General del Trabajo (CGT) ha expresado su respaldo un\u00e1nime a la candidatura de Sergio Massa, reconociendo su trayectoria pol\u00edtica, su capacidad de di\u00e1logo y su compromiso con los intereses de los trabajadores. La CGT se compromete a respaldar de manera activa la candidatura de Massa y a trabajar en conjunto para lograr los cambios necesarios que el pa\u00eds necesita. \u201cEs hora de consolidar la unidad y la tolerancia, y trabajar juntos para alcanzar un pa\u00eds m\u00e1s justo y pr\u00f3spero\u201d, concluy\u00f3 Lingieri.<\/p>\n","protected":false},"excerpt":{"rendered":"<p>(Pablo Roma, Gremiales) &#8211; En una reuni\u00f3n trascendental con representantes de diversas organizaciones sindicales, el Secretario General del Sindicato de Obras Sanitarias SGBATOS, Jos\u00e9 Luis Lingieri, manifest\u00f3 el apoyo de&hellip; <\/p>\n","protected":false},"author":11,"featured_media":72912,"comment_status":"closed","ping_status":"open","sticky":false,"template":"","format":"standard","meta":{"footnotes":""},"categories":[3],"tags":[284,575,99],"class_list":["post-72911","post","type-post","status-publish","format-standard","has-post-thumbnail","hentry","category-politica","tag-cgt","tag-lingieri","tag-massa"],"_links":{"self":[{"href":"https:\/\/corrientesdetarde.com\/index.php\/wp-json\/wp\/v2\/posts\/72911","targetHints":{"allow":["GET"]}}],"collection":[{"href":"https:\/\/corrientesdetarde.com\/index.php\/wp-json\/wp\/v2\/posts"}],"about":[{"href":"https:\/\/corrientesdetarde.com\/index.php\/wp-json\/wp\/v2\/types\/post"}],"author":[{"embeddable":true,"href":"https:\/\/corrientesdetarde.com\/index.php\/wp-json\/wp\/v2\/users\/11"}],"replies":[{"embeddable":true,"href":"https:\/\/corrientesdetarde.com\/index.php\/wp-json\/wp\/v2\/comments?post=72911"}],"version-history":[{"count":1,"href":"https:\/\/corrientesdetarde.com\/index.php\/wp-json\/wp\/v2\/posts\/72911\/revisions"}],"predecessor-version":[{"id":72913,"href":"https:\/\/corrientesdetarde.com\/index.php\/wp-json\/wp\/v2\/posts\/72911\/revisions\/72913"}],"wp:featuredmedia":[{"embeddable":true,"href":"https:\/\/corrientesdetarde.com\/index.php\/wp-json\/wp\/v2\/media\/72912"}],"wp:attachment":[{"href":"https:\/\/corrientesdetarde.com\/index.php\/wp-json\/wp\/v2\/media?parent=72911"}],"wp:term":[{"taxonomy":"category","embeddable":true,"href":"https:\/\/corrientesdetarde.com\/index.php\/wp-json\/wp\/v2\/categories?post=72911"},{"taxonomy":"post_tag","embeddable":true,"href":"https:\/\/corrientesdetarde.com\/index.php\/wp-json\/wp\/v2\/tags?post=72911"}],"curies":[{"name":"wp","href":"https:\/\/api.w.org\/{rel}","templated":true}]}}