{"id":72914,"date":"2023-07-11T08:18:50","date_gmt":"2023-07-11T11:18:50","guid":{"rendered":"https:\/\/corrientesdetarde.com\/?p=72914"},"modified":"2023-07-11T08:53:49","modified_gmt":"2023-07-11T11:53:49","slug":"quinto-dia-sin-colectivos-en-corrientes","status":"publish","type":"post","link":"https:\/\/corrientesdetarde.com\/index.php\/informacion-general\/quinto-dia-sin-colectivos-en-corrientes\/","title":{"rendered":"Quinto d\u00eda sin colectivos en Corrientes."},"content":{"rendered":"\n<h2 class=\"wp-block-heading\">Otra jornada sin transporte p\u00fablico de pasajeros. El conflicto gremial s\u00f3lo contin\u00faa en la provincia y hay acusaciones cruzadas.<\/h2>\n\n\n\n<p>El paro de colectivos en Corrientes va por su quinto d\u00eda consecutivo sin soluciones a la vista. Esto genera grandes perjuicios a los decenas de miles de usuarios.<\/p>\n\n\n\n<p>Jos\u00e9 Luis Sabao, titular de la Uni\u00f3n Tranviaria Automotor (UTA) seccional Corrientes, indic\u00f3 que no han recibido los fondos correspondientes a los subsidios enviados por parte de Naci\u00f3n. Es por ello que hasta que no haya una resoluci\u00f3n que garantice el pago pleno de haberes la medida de fuerza se mantendr\u00e1 por lo menos hasta la ma\u00f1ana de este martes.<\/p>\n\n\n\n<p>Sabao sostuvo que en las \u00faltimas semanas llevaron adelante 15 reuniones entre el sector gremial, empresarial y estatal a fin de lograr un acuerdo en paritarias que les asegure mejoras salariales, sin embargo no hubo un punto en com\u00fan. &#8220;Llegado el tiempo de cobrar en tiempo y forma como se hab\u00eda acordado los empresarios manifiestan que no tienen dinero disponible para cubrir lo que corresponde a sueldos por lo que no nos qued\u00f3 otra que hacer uso de nuestro derecho como trabajadores. Nosotros reclamamos lo que tenemos ganado por derecho&#8221;, expres\u00f3 el referente de la UTA.<\/p>\n\n\n\n<p>Sabao explic\u00f3: &#8220;El transporte en el pa\u00eds viene siendo subsidiado para que funcione digamos que con normalidad, lo que pasa es que hace muchos a\u00f1os venimos de mal en peor porque Naci\u00f3n no env\u00eda los fondos acordados en tiempo y forma, eso es lo que manifiesta la FATAP&#8221;. En este sentido, aclar\u00f3 que son escenarios distintos en diferentes provincias y que &#8220;hoy solamente Corrientes est\u00e1 en esta situaci\u00f3n, las dem\u00e1s provincias lograron un acuerdo&#8221;.&nbsp;<\/p>\n\n\n\n<p>&#8220;Voy a ser optimista, espero que ma\u00f1ana a la ma\u00f1ana o en el transcurso de la jornada aparezcan los fondos para poder destrabar esto. Hoy lo que puedo decir es que el paro sigue, veremos c\u00f3mo transcurre la ma\u00f1ana&#8221;, finaliz\u00f3 al referirse a la continuidad del paro para este martes.<\/p>\n","protected":false},"excerpt":{"rendered":"<p>Otra jornada sin transporte p\u00fablico de pasajeros. El conflicto gremial s\u00f3lo contin\u00faa en la provincia y hay acusaciones cruzadas. El paro de colectivos en Corrientes va por su quinto d\u00eda&hellip; <\/p>\n","protected":false},"author":6,"featured_media":72917,"comment_status":"closed","ping_status":"open","sticky":false,"template":"","format":"standard","meta":{"footnotes":""},"categories":[1],"tags":[],"class_list":["post-72914","post","type-post","status-publish","format-standard","has-post-thumbnail","hentry","category-informacion-general"],"_links":{"self":[{"href":"https:\/\/corrientesdetarde.com\/index.php\/wp-json\/wp\/v2\/posts\/72914","targetHints":{"allow":["GET"]}}],"collection":[{"href":"https:\/\/corrientesdetarde.com\/index.php\/wp-json\/wp\/v2\/posts"}],"about":[{"href":"https:\/\/corrientesdetarde.com\/index.php\/wp-json\/wp\/v2\/types\/post"}],"author":[{"embeddable":true,"href":"https:\/\/corrientesdetarde.com\/index.php\/wp-json\/wp\/v2\/users\/6"}],"replies":[{"embeddable":true,"href":"https:\/\/corrientesdetarde.com\/index.php\/wp-json\/wp\/v2\/comments?post=72914"}],"version-history":[{"count":3,"href":"https:\/\/corrientesdetarde.com\/index.php\/wp-json\/wp\/v2\/posts\/72914\/revisions"}],"predecessor-version":[{"id":72930,"href":"https:\/\/corrientesdetarde.com\/index.php\/wp-json\/wp\/v2\/posts\/72914\/revisions\/72930"}],"wp:featuredmedia":[{"embeddable":true,"href":"https:\/\/corrientesdetarde.com\/index.php\/wp-json\/wp\/v2\/media\/72917"}],"wp:attachment":[{"href":"https:\/\/corrientesdetarde.com\/index.php\/wp-json\/wp\/v2\/media?parent=72914"}],"wp:term":[{"taxonomy":"category","embeddable":true,"href":"https:\/\/corrientesdetarde.com\/index.php\/wp-json\/wp\/v2\/categories?post=72914"},{"taxonomy":"post_tag","embeddable":true,"href":"https:\/\/corrientesdetarde.com\/index.php\/wp-json\/wp\/v2\/tags?post=72914"}],"curies":[{"name":"wp","href":"https:\/\/api.w.org\/{rel}","templated":true}]}}