{"id":72915,"date":"2023-07-11T08:34:59","date_gmt":"2023-07-11T11:34:59","guid":{"rendered":"https:\/\/corrientesdetarde.com\/?p=72915"},"modified":"2023-07-11T08:35:03","modified_gmt":"2023-07-11T11:35:03","slug":"pronostico-del-tiempo-para-este-martes-11-de-julio","status":"publish","type":"post","link":"https:\/\/corrientesdetarde.com\/index.php\/clima\/pronostico-del-tiempo-para-este-martes-11-de-julio\/","title":{"rendered":"Pron\u00f3stico del tiempo para este martes 11 de julio."},"content":{"rendered":"\n<h2 class=\"wp-block-heading\">El Servicio Meteorol\u00f3gico Nacional emiti\u00f3 su informe sobre la ciudad. Podr\u00edan venir d\u00edas lluviosos.<\/h2>\n\n\n\n<p>Para este martes 11 se espera una jornada con lluvias sobre la ciudad de Corrientes. De ahora en m\u00e1s podr\u00eda darse adem\u00e1s un descenso de la temperatura.<\/p>\n\n\n\n<p>Para esta jornada se prev\u00e9 una<strong> temperatura m\u00ednima<\/strong> de <strong>16 grados<\/strong>. En tanto que la <strong>m\u00e1xima<\/strong> ser\u00e1 de <strong>20<\/strong>.<\/p>\n\n\n\n<p>Podr\u00edan registrarse lluvias aisladas durante toda la jornada, empeorando las condiciones por la noche. Y esto se mantendr\u00eda el mi\u00e9rcoles.<\/p>\n\n\n\n<p>Para este 12 de julio est\u00e1n pronosticadas tormentas fuertes durante todo el d\u00eda. As\u00ed se iniciar\u00edan varios d\u00edas con m\u00ednimas rondando los 10 grados, menos que las \u00faltimas semanas en Corrientes.<\/p>\n","protected":false},"excerpt":{"rendered":"<p>El Servicio Meteorol\u00f3gico Nacional emiti\u00f3 su informe sobre la ciudad. Podr\u00edan venir d\u00edas lluviosos. Para este martes 11 se espera una jornada con lluvias sobre la ciudad de Corrientes. De&hellip; <\/p>\n","protected":false},"author":6,"featured_media":72921,"comment_status":"closed","ping_status":"open","sticky":false,"template":"","format":"standard","meta":{"footnotes":""},"categories":[29],"tags":[],"class_list":["post-72915","post","type-post","status-publish","format-standard","has-post-thumbnail","hentry","category-clima"],"_links":{"self":[{"href":"https:\/\/corrientesdetarde.com\/index.php\/wp-json\/wp\/v2\/posts\/72915","targetHints":{"allow":["GET"]}}],"collection":[{"href":"https:\/\/corrientesdetarde.com\/index.php\/wp-json\/wp\/v2\/posts"}],"about":[{"href":"https:\/\/corrientesdetarde.com\/index.php\/wp-json\/wp\/v2\/types\/post"}],"author":[{"embeddable":true,"href":"https:\/\/corrientesdetarde.com\/index.php\/wp-json\/wp\/v2\/users\/6"}],"replies":[{"embeddable":true,"href":"https:\/\/corrientesdetarde.com\/index.php\/wp-json\/wp\/v2\/comments?post=72915"}],"version-history":[{"count":1,"href":"https:\/\/corrientesdetarde.com\/index.php\/wp-json\/wp\/v2\/posts\/72915\/revisions"}],"predecessor-version":[{"id":72922,"href":"https:\/\/corrientesdetarde.com\/index.php\/wp-json\/wp\/v2\/posts\/72915\/revisions\/72922"}],"wp:featuredmedia":[{"embeddable":true,"href":"https:\/\/corrientesdetarde.com\/index.php\/wp-json\/wp\/v2\/media\/72921"}],"wp:attachment":[{"href":"https:\/\/corrientesdetarde.com\/index.php\/wp-json\/wp\/v2\/media?parent=72915"}],"wp:term":[{"taxonomy":"category","embeddable":true,"href":"https:\/\/corrientesdetarde.com\/index.php\/wp-json\/wp\/v2\/categories?post=72915"},{"taxonomy":"post_tag","embeddable":true,"href":"https:\/\/corrientesdetarde.com\/index.php\/wp-json\/wp\/v2\/tags?post=72915"}],"curies":[{"name":"wp","href":"https:\/\/api.w.org\/{rel}","templated":true}]}}