{"id":72925,"date":"2023-07-11T08:51:01","date_gmt":"2023-07-11T11:51:01","guid":{"rendered":"https:\/\/corrientesdetarde.com\/?p=72925"},"modified":"2023-07-11T09:00:36","modified_gmt":"2023-07-11T12:00:36","slug":"caso-cecilia-marcela-acuna-tiene-nueva-abogada","status":"publish","type":"post","link":"https:\/\/corrientesdetarde.com\/index.php\/crimen-y-justicia\/caso-cecilia-marcela-acuna-tiene-nueva-abogada\/","title":{"rendered":"Caso Cecilia: Marcela Acu\u00f1a tiene nueva abogada."},"content":{"rendered":"\n<h2 class=\"wp-block-heading\">El pr\u00f3ximo jueves la defensa de Acu\u00f1a deber\u00e1 exponer ante el titular del Juzgado de Garant\u00edas N\u00b02 por el recurso presentado contra la prisi\u00f3n preventiva. La joven letrada fue oficializada en el d\u00eda de ayer.<\/h2>\n\n\n\n<p>Tras la maniobra del Ministerio P\u00fablico Fiscal que advirti\u00f3 acerca de intereses contrapuestos en la defensa de dos integrantes de la familia Sena, finalmente Marcela Acu\u00f1a design\u00f3 este lunes a Roc\u00edo de Jes\u00fas Mart\u00ednez como su nueva abogada defensora en la causa que investiga el femicidio de Cecilia Strzyzowski.<\/p>\n\n\n\n<p>Se trata de una joven letrada, recibida de la Universidad de la Cuenca del Plata, cuyo t\u00edtulo de grado le fue entregado en los \u00faltimos a\u00f1os. Adem\u00e1s, pertenecer\u00eda al c\u00edrculo del ex abogado de Acu\u00f1a, Ricardo Osuna.<\/p>\n\n\n\n<p>La designaci\u00f3n de una nueva representante surgi\u00f3 luego de la resoluci\u00f3n por parte del Ministerio P\u00fablico Fiscal donde Acu\u00f1a fue advertida sobre la jurisprudencia existente acerca de la imposibilidad de conservar un defensor com\u00fan con su hijo, bajo el criterio de que existir\u00edan &#8220;intereses contrapuestos&#8221; seg\u00fan lo explicita el art\u00edculo 129 del C\u00f3digo Procesal Penal.<\/p>\n\n\n\n<p>De esta manera, Acu\u00f1a fue puesta bajo la defensa de la Defensor\u00eda General durante el fin de semana, y finalmente acord\u00f3 ser representada por Mart\u00ednez este lunes. La joven abogada ahora deber\u00e1 enfrentar la tarea de revisar apuradamente una estrategia para comparecer ante el Juzgado de Garant\u00edas N\u00b02 el pr\u00f3ximo jueves 13, fecha en la que Acu\u00f1a y su defensa deber\u00e1n fundamentar la oposici\u00f3n que presentaron a la prisi\u00f3n preventiva.\u00a0<\/p>\n\n\n\n<p><\/p>\n\n\n\n<p><em>Fuente: Diario Chaco.<\/em><\/p>\n","protected":false},"excerpt":{"rendered":"<p>El pr\u00f3ximo jueves la defensa de Acu\u00f1a deber\u00e1 exponer ante el titular del Juzgado de Garant\u00edas N\u00b02 por el recurso presentado contra la prisi\u00f3n preventiva. La joven letrada fue oficializada&hellip; <\/p>\n","protected":false},"author":6,"featured_media":72928,"comment_status":"closed","ping_status":"open","sticky":false,"template":"","format":"standard","meta":{"footnotes":""},"categories":[5],"tags":[],"class_list":["post-72925","post","type-post","status-publish","format-standard","has-post-thumbnail","hentry","category-crimen-y-justicia"],"_links":{"self":[{"href":"https:\/\/corrientesdetarde.com\/index.php\/wp-json\/wp\/v2\/posts\/72925","targetHints":{"allow":["GET"]}}],"collection":[{"href":"https:\/\/corrientesdetarde.com\/index.php\/wp-json\/wp\/v2\/posts"}],"about":[{"href":"https:\/\/corrientesdetarde.com\/index.php\/wp-json\/wp\/v2\/types\/post"}],"author":[{"embeddable":true,"href":"https:\/\/corrientesdetarde.com\/index.php\/wp-json\/wp\/v2\/users\/6"}],"replies":[{"embeddable":true,"href":"https:\/\/corrientesdetarde.com\/index.php\/wp-json\/wp\/v2\/comments?post=72925"}],"version-history":[{"count":2,"href":"https:\/\/corrientesdetarde.com\/index.php\/wp-json\/wp\/v2\/posts\/72925\/revisions"}],"predecessor-version":[{"id":72933,"href":"https:\/\/corrientesdetarde.com\/index.php\/wp-json\/wp\/v2\/posts\/72925\/revisions\/72933"}],"wp:featuredmedia":[{"embeddable":true,"href":"https:\/\/corrientesdetarde.com\/index.php\/wp-json\/wp\/v2\/media\/72928"}],"wp:attachment":[{"href":"https:\/\/corrientesdetarde.com\/index.php\/wp-json\/wp\/v2\/media?parent=72925"}],"wp:term":[{"taxonomy":"category","embeddable":true,"href":"https:\/\/corrientesdetarde.com\/index.php\/wp-json\/wp\/v2\/categories?post=72925"},{"taxonomy":"post_tag","embeddable":true,"href":"https:\/\/corrientesdetarde.com\/index.php\/wp-json\/wp\/v2\/tags?post=72925"}],"curies":[{"name":"wp","href":"https:\/\/api.w.org\/{rel}","templated":true}]}}