{"id":72937,"date":"2023-07-11T09:40:17","date_gmt":"2023-07-11T12:40:17","guid":{"rendered":"https:\/\/corrientesdetarde.com\/?p=72937"},"modified":"2023-07-11T09:40:21","modified_gmt":"2023-07-11T12:40:21","slug":"anmat-prohibio-el-uso-de-una-solucion-salina","status":"publish","type":"post","link":"https:\/\/corrientesdetarde.com\/index.php\/informacion-general\/anmat-prohibio-el-uso-de-una-solucion-salina\/","title":{"rendered":"Anmat prohibi\u00f3 el uso de una soluci\u00f3n salina."},"content":{"rendered":"\n<h2 class=\"wp-block-heading\">A trav\u00e9s del Bolet\u00edn Oficial, el organismo descentralizado vet\u00f3 adem\u00e1s la distribuci\u00f3n del medicamento por no contar con las autorizaciones correspondientes y tras causar irritaciones oculares.<\/h2>\n\n\n\n<p>La Administraci\u00f3n Nacional de Medicamentos, Alimentos y Tecnolog\u00eda M\u00e9dica (Anmat)\u00a0<strong>prohibi\u00f3 la comercializaci\u00f3n en todo el territorio argentino de una marca de soluci\u00f3n salina oftalmol\u00f3gica<\/strong>\u00a0por no contar con las autorizaciones correspondientes avaladas por el organismo descentralizado y\u00a0<strong>tras la denuncia de un usuario que sufri\u00f3 consecuencias adversas\u00a0<\/strong>al utilizarlo en sus lentes de contacto.<\/p>\n\n\n\n<p>A trav\u00e9s de la<em>\u00a0disposici\u00f3n\u00a0<\/em>5073\/2023<em>,<\/em>\u00a0publicada en el\u00a0<strong>Bolet\u00edn Oficial\u00a0<\/strong>en las primeras horas del martes, la Anmat inform\u00f3 que la medida supone prohibir \u201cel uso, comercializaci\u00f3n y distribuci\u00f3n en todo el territorio nacional de todos los lotes y presentaciones del producto:\u00a0<strong>Soluci\u00f3n salina, uso oft\u00e1lmico, Mizu, Laboratorio Santa Prisca<\/strong>, hasta tanto obtenga sus correspondientes autorizaciones\u201d.<\/p>\n\n\n\n<p>En ese sentido, detall\u00f3 que esas autorizaciones faltantes se correspond\u00edan con que no se encontraba registrada ante la Anmat ni en el&nbsp;<strong>Registro Nacional de Productores<\/strong>&nbsp;<strong>y Productos<\/strong>&nbsp;<strong>de Tecnolog\u00eda M\u00e9dica&nbsp;<\/strong>(Rpptm). Se trata de una empresa radicada en la provincia de&nbsp;<strong>Santa Fe<\/strong>.<\/p>\n\n\n\n<p>https:\/\/especialeslntools.lanacion.com.ar\/generic-disposicion-5073-2023-de-anmat\/index.html?initialWidth=733&#038;childId=anexo-3VMQ5EN6L5BRJPSDJ6Q6MJ5BZI-0&#038;parentTitle=La%20Anmat%20prohibi%C3%B3%20el%20uso%20y%20la%20comercializaci%C3%B3n%20de%20una%20soluci%C3%B3n%20salina%20-%20LA%20NACION&#038;parentUrl=https%3A%2F%2Fwww.lanacion.com.ar%2Fsociedad%2Fla-anmat-decidio-prohibir-el-uso-y-la-comercializacion-de-una-solucion-salina-fisiologica-tras-la-nid11072023%2F<\/p>\n\n\n\n<p>Adem\u00e1s, informa que la investigaci\u00f3n&nbsp;<strong>surgi\u00f3 el 30 de enero de este a\u00f1o luego de una denuncia realizada por un usuario&nbsp;<\/strong>que hab\u00eda adquirido el producto y que sufri\u00f3 irritaciones en el ojo despu\u00e9s de usarla. \u201cIngres\u00f3 a la casilla de correo pesquisa@anmat.gob.ar un reporte realizado por un ciudadano, informando que hab\u00eda adquirido una soluci\u00f3n salina oftalmol\u00f3gica que utiliz\u00f3 para la limpieza de sus lentes de contacto y que&nbsp;<strong>luego de colocarse los lentes le produjo irritaci\u00f3n ocular<\/strong>\u201d.<\/p>\n\n\n\n<p>As\u00ed es que, tras una verificaci\u00f3n de los r\u00f3tulos de los productos por parte de\u00a0<strong>DIPA\u00a0<\/strong>se determin\u00f3 que \u201ctanto el Certificado de habilitaci\u00f3n municipal N\u00b0 21205, como el n\u00famero de\u00a0<strong>Registro<\/strong>\u00a0<strong>Nacional\u00a0<\/strong>de<strong>\u00a0Establecimiento<\/strong>\u00a0(RNE) mencionado pertenecen a otra raz\u00f3n social que no cuenta con autorizaci\u00f3n para elaborar alimentos\u00a0<strong>libres de gluten\u201d.<\/strong><\/p>\n\n\n\n<p><strong>Por eso<\/strong>, \u201ca fin de proteger a eventuales adquirentes y usuarios de los productos involucrados, toda vez que se trata de un producto falsificado del que se desconocen sus condiciones de elaboraci\u00f3n\/ fabricaci\u00f3n, sugiri\u00f3 prohibir el uso, comercializaci\u00f3n y distribuci\u00f3n en todo el territorio nacional de todos los lotes y presentaciones del producto\u201d.<\/p>\n\n\n\n<p><\/p>\n","protected":false},"excerpt":{"rendered":"<p>A trav\u00e9s del Bolet\u00edn Oficial, el organismo descentralizado vet\u00f3 adem\u00e1s la distribuci\u00f3n del medicamento por no contar con las autorizaciones correspondientes y tras causar irritaciones oculares. La Administraci\u00f3n Nacional de&hellip; <\/p>\n","protected":false},"author":6,"featured_media":72942,"comment_status":"closed","ping_status":"open","sticky":false,"template":"","format":"standard","meta":{"footnotes":""},"categories":[1],"tags":[],"class_list":["post-72937","post","type-post","status-publish","format-standard","has-post-thumbnail","hentry","category-informacion-general"],"_links":{"self":[{"href":"https:\/\/corrientesdetarde.com\/index.php\/wp-json\/wp\/v2\/posts\/72937","targetHints":{"allow":["GET"]}}],"collection":[{"href":"https:\/\/corrientesdetarde.com\/index.php\/wp-json\/wp\/v2\/posts"}],"about":[{"href":"https:\/\/corrientesdetarde.com\/index.php\/wp-json\/wp\/v2\/types\/post"}],"author":[{"embeddable":true,"href":"https:\/\/corrientesdetarde.com\/index.php\/wp-json\/wp\/v2\/users\/6"}],"replies":[{"embeddable":true,"href":"https:\/\/corrientesdetarde.com\/index.php\/wp-json\/wp\/v2\/comments?post=72937"}],"version-history":[{"count":1,"href":"https:\/\/corrientesdetarde.com\/index.php\/wp-json\/wp\/v2\/posts\/72937\/revisions"}],"predecessor-version":[{"id":72943,"href":"https:\/\/corrientesdetarde.com\/index.php\/wp-json\/wp\/v2\/posts\/72937\/revisions\/72943"}],"wp:featuredmedia":[{"embeddable":true,"href":"https:\/\/corrientesdetarde.com\/index.php\/wp-json\/wp\/v2\/media\/72942"}],"wp:attachment":[{"href":"https:\/\/corrientesdetarde.com\/index.php\/wp-json\/wp\/v2\/media?parent=72937"}],"wp:term":[{"taxonomy":"category","embeddable":true,"href":"https:\/\/corrientesdetarde.com\/index.php\/wp-json\/wp\/v2\/categories?post=72937"},{"taxonomy":"post_tag","embeddable":true,"href":"https:\/\/corrientesdetarde.com\/index.php\/wp-json\/wp\/v2\/tags?post=72937"}],"curies":[{"name":"wp","href":"https:\/\/api.w.org\/{rel}","templated":true}]}}