{"id":72938,"date":"2023-07-11T09:35:33","date_gmt":"2023-07-11T12:35:33","guid":{"rendered":"https:\/\/corrientesdetarde.com\/?p=72938"},"modified":"2023-07-11T09:35:41","modified_gmt":"2023-07-11T12:35:41","slug":"un-helicoptero-se-estrello-en-la-region-del-everest","status":"publish","type":"post","link":"https:\/\/corrientesdetarde.com\/index.php\/internacionales\/un-helicoptero-se-estrello-en-la-region-del-everest\/","title":{"rendered":"Un helic\u00f3ptero se estrell\u00f3 en la regi\u00f3n del Everest."},"content":{"rendered":"\n<h2 class=\"wp-block-heading\">La nave sufri\u00f3 el accidente en momentos en que regresaba a la capital de Nepal, Katmand\u00fa, tras llevar a los turistas a conocer la monta\u00f1a m\u00e1s alta del mundo.<\/h2>\n\n\n\n<p><strong>Seis personas murieron\u00a0<\/strong>este martes cerca del\u00a0<strong>Everest<\/strong>, la monta\u00f1a m\u00e1s alta del mundo, despu\u00e9s de que el\u00a0<strong>helic\u00f3ptero\u00a0<\/strong>en que se transportaban se estrellara en la zona de\u00a0<strong>Lamajura\u00a0<\/strong>a<strong>\u00a0<\/strong>poco de despegar.<\/p>\n\n\n\n<p>Viajaban ah\u00ed\u00a0<strong>cinco mexicanos\u00a0<\/strong>(dos hombres y tres mujeres), que fueron a conocer la monta\u00f1a, y\u00a0<strong>un piloto nepal\u00ed.\u00a0<\/strong>La nave de la compa\u00f1\u00eda\u00a0<strong>Manang Air<\/strong>\u00a0sali\u00f3 desde cerca de\u00a0<strong>Lukla<\/strong>, el punto de entrada para las expediciones para subir al Everest, y se dirig\u00eda a\u00a0<strong>Katmand\u00fa\u00a0<\/strong>cuando\u00a0<strong>perdi\u00f3 el contacto ocho minutos despu\u00e9s de despegar<\/strong>, precisaron desde la Autoridad de Aviaci\u00f3n Civil de Nepal (CAAN) en un comunicado.<\/p>\n\n\n\n<p>Asimismo, desde el aeropuerto se\u00f1alaron que<strong>&nbsp;las condiciones meteorol\u00f3gicas hab\u00edan provocado cambios en la ruta de vuelo de la nave;<\/strong>&nbsp;la actividad tur\u00edstica y de escalada termin\u00f3 en mayo con el comienzo de la temporada de lluvias.&nbsp;<strong>Los vuelos de turistas a las monta\u00f1as no son habituales en esta \u00e9poca del a\u00f1o porque la visibilidad es mala y el clima, impredecible.<\/strong><\/p>\n\n\n<div class=\"wp-block-image\">\n<figure class=\"aligncenter\"><img decoding=\"async\" src=\"https:\/\/resizer.glanacion.com\/resizer\/v2\/los-restos-del-helicoptero-estrellado-en-HC2WHPHWHVGI3GINMS66CM4H4M.jpeg?auth=233aab0f148898c54d48fb2671e17889813943cc41fde913bc2464b70305f981&amp;width=310&amp;height=143&amp;quality=70&amp;smart=true\" alt=\"Los restos del helic\u00f3ptero estrellado en Nepal\"\/><figcaption>Los restos del helic\u00f3ptero estrellado en Nepal<\/figcaption><\/figure>\n<\/div>\n\n\n<p><strong>\u201dLos habitantes y la Polic\u00eda en el lugar informan que los seis cuerpos fueron recuperados\u201d<\/strong>, dijo Pratap Babu Tiwari, director de la terminal internacional de Tribhuvan. Dos helic\u00f3pteros y varios equipos terrestres fueron desplegados para una\u00a0<strong>misi\u00f3n de b\u00fasqueda y rescate<\/strong>, pero no pudieron aterrizar cerca del lugar del accidente debido al clima. \u201dLos cuerpos est\u00e1n siendo desplazados por v\u00eda terrestre a los helic\u00f3pteros para que puedan ser transportados a Katmand\u00fa\u201d, indic\u00f3 Tiwari.<\/p>\n\n\n\n<p>Lhakpa Sherpa, un residente de la zona que se uni\u00f3 a los esfuerzos de b\u00fasqueda, asegur\u00f3 que la zona del siniestro es \u201cmuy aterradora\u201d. En ese sentido explic\u00f3:&nbsp;<strong>\u201dParece que el helic\u00f3ptero choc\u00f3 primero con un \u00e1rbol y luego se estrell\u00f3 contra el suelo. Dej\u00f3 un peque\u00f1o agujero\u201d.<\/strong><\/p>\n\n\n\n<p>En tanto, el primer ministro Pushpa Kamal Dahal expres\u00f3 su \u201cdolor\u201d por lo ocurrido y desde la Embajada de M\u00e9xico en India detallaron en Twitter que est\u00e1n \u201cen continua comunicaci\u00f3n y trabajando con las autoridades de Nepal en relaci\u00f3n al tr\u00e1gico accidente\u201d.<\/p>\n\n\n\n<h2 class=\"wp-block-heading\">Problemas de seguridad a\u00e9rea<\/h2>\n\n\n\n<p><strong>Nepal&nbsp;<\/strong>tiene una industria de helic\u00f3pteros privados en auge, que transporta turistas y mercanc\u00edas a rincones remotos de este pa\u00eds del&nbsp;<strong>Himalaya&nbsp;<\/strong>donde el acceso por ruta es limitado o inexistente. Pero es tambi\u00e9n conocido por su<strong>&nbsp;escasa seguridad a\u00e9rea<\/strong>.<\/p>\n\n\n\n<p><strong>El incidente del hoy es el \u00faltimo de una serie que se dio en el pa\u00eds.&nbsp;<\/strong>En mayo, una persona muri\u00f3 y cuatro resultaron heridas cuando un helic\u00f3ptero se estrell\u00f3 en el este despu\u00e9s de dejar&nbsp;<strong>mercanc\u00edas&nbsp;<\/strong>para un proyecto hidroel\u00e9ctrico. En 2015, durante las operaciones de rescate tras un&nbsp;<strong>sismo&nbsp;<\/strong>devastador, hubo m\u00faltiples incidentes con helic\u00f3pteros que se cobraron m\u00e1s de una decena de vidas.<\/p>\n\n\n\n<figure class=\"wp-block-image\"><img decoding=\"async\" src=\"https:\/\/resizer.glanacion.com\/resizer\/v2\/los-restos-del-helicoptero-estrellado-en-MS4DQKUVGJB3VKAGZL5P2HAV2I.jpeg?auth=e1ca3beb203afefe7f552e564fd9ccc7cccc0c18053c89e142c2045bb77bae1a&amp;width=310&amp;height=208&amp;quality=70&amp;smart=true\" alt=\"Los restos del helic\u00f3ptero estrellado en Nepal\"\/><figcaption>Los restos del helic\u00f3ptero estrellado en Nepal<\/figcaption><\/figure>\n\n\n\n<p>El pa\u00eds tiene algunas de las pistas de aviaci\u00f3n<strong>&nbsp;m\u00e1s remotas y dif\u00edciles del mundo<\/strong>, flanqueadas por&nbsp;<strong>picos nevados&nbsp;<\/strong>que representan un<strong>&nbsp;importante desaf\u00edo incluso para pilotos expertos.&nbsp;<\/strong>El&nbsp;<strong>clima&nbsp;<\/strong>tambi\u00e9n puede&nbsp;<strong>cambiar r\u00e1pidamente en las monta\u00f1as,&nbsp;<\/strong>lo que crea condiciones de vuelo muy dif\u00edciles.<\/p>\n\n\n\n<p>Pero el sector de la aviaci\u00f3n tambi\u00e9n se vio afectado por la<strong>&nbsp;falta de entrenamiento de los pilotos<\/strong>&nbsp;y los<strong>&nbsp;problemas de mantenimiento. En enero un accidente a\u00e9reo en el oeste mat\u00f3 a 72 personas, entre ellas la argentina&nbsp;<\/strong><a href=\"https:\/\/www.lanacion.com.ar\/el-mundo\/quien-era-jannet-palavecino-la-argentina-que-murio-en-el-avion-que-se-estrello-en-nepal-nid15012023\/\"><strong>Janet Palavecino<\/strong><\/a><strong>,&nbsp;<\/strong>cuando un&nbsp;<strong>avi\u00f3n&nbsp;<\/strong>de la compa\u00f1\u00eda&nbsp;<strong>Yeti Airlines&nbsp;<\/strong>se desplom\u00f3 en un desfiladero, se rompi\u00f3 en pedazos y estall\u00f3 en llamas en el momento en que se acercaba a la ciudad de&nbsp;<strong>Pokhara.<\/strong><\/p>\n\n\n\n<figure class=\"wp-block-image\"><img decoding=\"async\" src=\"https:\/\/resizer.glanacion.com\/resizer\/v2\/el-accidente-de-avion-en-pokhara-donde-murio-una-ZZKYNKCNE5FUNA4E2POQ4TVQTQ.JPG?auth=2a5d0a80af1cb98504a581a6e6a20b252fd6311405802c3621bfd070b12ae812&amp;width=310&amp;height=207&amp;quality=70&amp;smart=true\" alt=\"El accidente de avi\u00f3n en Pokhara, donde muri\u00f3 una argentina \"\/><figcaption>El accidente de avi\u00f3n en Pokhara, donde muri\u00f3 una argentinaPRAKASH MATHEMA &#8211; AFP<\/figcaption><\/figure>\n\n\n\n<p>En 2018, otro avi\u00f3n, de US-Bangla Airlines, se cay\u00f3 cerca del aeropuerto internacional de Katmand\u00fa, conocido por su dificultad. Esa vez murieron 51 personas y 20 quedaron gravemente heridas.<\/p>\n\n\n\n<p>En 1992, en el accidente a\u00e9reo m\u00e1s mort\u00edfero de Nepal, 167 personas murieron cuando un avi\u00f3n de&nbsp;<strong>Pakist\u00e1n International Airlines<\/strong>&nbsp;se precipit\u00f3 al vac\u00edo cuando se acercaba al aeropuerto de Katmand\u00fa.<\/p>\n\n\n\n<p>Por todo eso, y al alegar motivos de seguridad,&nbsp;<strong>la Uni\u00f3n Europea (UE) prohibi\u00f3 la entrada en su espacio a\u00e9reo de todas las compa\u00f1\u00edas nepal\u00edes.<\/strong><\/p>\n\n\n\n<p><strong>Agencias AP y AFP<\/strong><\/p>\n","protected":false},"excerpt":{"rendered":"<p>La nave sufri\u00f3 el accidente en momentos en que regresaba a la capital de Nepal, Katmand\u00fa, tras llevar a los turistas a conocer la monta\u00f1a m\u00e1s alta del mundo. Seis&hellip; <\/p>\n","protected":false},"author":6,"featured_media":72940,"comment_status":"closed","ping_status":"open","sticky":false,"template":"","format":"standard","meta":{"footnotes":""},"categories":[11],"tags":[],"class_list":["post-72938","post","type-post","status-publish","format-standard","has-post-thumbnail","hentry","category-internacionales"],"_links":{"self":[{"href":"https:\/\/corrientesdetarde.com\/index.php\/wp-json\/wp\/v2\/posts\/72938","targetHints":{"allow":["GET"]}}],"collection":[{"href":"https:\/\/corrientesdetarde.com\/index.php\/wp-json\/wp\/v2\/posts"}],"about":[{"href":"https:\/\/corrientesdetarde.com\/index.php\/wp-json\/wp\/v2\/types\/post"}],"author":[{"embeddable":true,"href":"https:\/\/corrientesdetarde.com\/index.php\/wp-json\/wp\/v2\/users\/6"}],"replies":[{"embeddable":true,"href":"https:\/\/corrientesdetarde.com\/index.php\/wp-json\/wp\/v2\/comments?post=72938"}],"version-history":[{"count":1,"href":"https:\/\/corrientesdetarde.com\/index.php\/wp-json\/wp\/v2\/posts\/72938\/revisions"}],"predecessor-version":[{"id":72941,"href":"https:\/\/corrientesdetarde.com\/index.php\/wp-json\/wp\/v2\/posts\/72938\/revisions\/72941"}],"wp:featuredmedia":[{"embeddable":true,"href":"https:\/\/corrientesdetarde.com\/index.php\/wp-json\/wp\/v2\/media\/72940"}],"wp:attachment":[{"href":"https:\/\/corrientesdetarde.com\/index.php\/wp-json\/wp\/v2\/media?parent=72938"}],"wp:term":[{"taxonomy":"category","embeddable":true,"href":"https:\/\/corrientesdetarde.com\/index.php\/wp-json\/wp\/v2\/categories?post=72938"},{"taxonomy":"post_tag","embeddable":true,"href":"https:\/\/corrientesdetarde.com\/index.php\/wp-json\/wp\/v2\/tags?post=72938"}],"curies":[{"name":"wp","href":"https:\/\/api.w.org\/{rel}","templated":true}]}}