{"id":72957,"date":"2023-07-11T10:31:54","date_gmt":"2023-07-11T13:31:54","guid":{"rendered":"https:\/\/corrientesdetarde.com\/?p=72957"},"modified":"2023-07-11T10:32:15","modified_gmt":"2023-07-11T13:32:15","slug":"salio-borracho-del-boliche-y-se-robo-un-patrullero-para-volver-a-su-casa","status":"publish","type":"post","link":"https:\/\/corrientesdetarde.com\/index.php\/crimen-y-justicia\/salio-borracho-del-boliche-y-se-robo-un-patrullero-para-volver-a-su-casa\/","title":{"rendered":"Sali\u00f3 borracho del boliche y se rob\u00f3 un patrullero para volver a su casa."},"content":{"rendered":"\n<h2 class=\"wp-block-heading\">Todo comenz\u00f3 luego de que no encontrara su auto estacionado. Cuando fue a reclamar la desaparici\u00f3n de su veh\u00edculo, aprovech\u00f3 el descuido de la Polic\u00eda y recorri\u00f3 30 kil\u00f3metros para llegar a su pueblo.<\/h2>\n\n\n\n<p>Una ins\u00f3lita secuencia se registr\u00f3 este fin de semana en Carlos Pellegrini, una comuna santafesina de 5000 habitantes. Un hombre de 31 a\u00f1os sali\u00f3 alcoholizado de un boliche, no encontr\u00f3 su auto y se rob\u00f3 un patrullero para volver a su casa.<\/p>\n\n\n\n<p>Todo comenz\u00f3 en la madrugada del domingo a la salida de un boliche ubicada en el centro-oeste de Santa Fe, a 170 kil\u00f3metros de la capital provincial y a 180 de la ciudad de Rosario.<\/p>\n\n\n\n<p>Cuando el local bailable cerr\u00f3 y la gente empez\u00f3 a desconcentrar, dos mujeres se dirigieron a la comisar\u00eda quinta y pidieron usar el tel\u00e9fono para pedir un remis y poder volver a sus casas.<\/p>\n\n\n\n<p>&nbsp;&#8220;En ese \u00ednterin, llega un muchacho en evidente estado de exceso de alcohol, manifestando que le hab\u00edan sacado el auto&#8221;, sostuvo el jefe de la Unidad Regional XVIII, Jos\u00e9 Luis Molineris, seg\u00fan public\u00f3 Portal Pellegrinense.<\/p>\n\n\n\n<p>Lo que no esperaban era que el hombre fuera a llevarse el patrullero: &#8220;En un descuido, mientras el efectivo terminaba de atender a las dos mujeres, el muchacho se retira para afuera y agarra el m\u00f3vil que reci\u00e9n lo hab\u00edan estacionado con la llave puesta y se lo llev\u00f3&#8221;.<\/p>\n\n\n\n<p>El veh\u00edculo que se llev\u00f3 el improvisado ladr\u00f3n es un Fiat Cronos, el \u00faltimo patrullero que fue incorporado por la comisar\u00eda local. Ten\u00eda las llaves puestas porque estaba siendo utilizado en un patrullaje de rutina y el conductor lo dej\u00f3 unos minutos en la puerta de la comisar\u00eda mientras asist\u00eda a las dos j\u00f3venes.<\/p>\n\n\n\n<p>Ellas dos fueron clave para destrabar el robo, ya que le dieron a la Polic\u00eda el dato de que el joven que buscaban vive en Piamonte, un pueblo vecino.<\/p>\n\n\n\n<p>La b\u00fasqueda se extendi\u00f3 unos 30 kil\u00f3metros hasta que finalmente los polic\u00edas encontraron el patrullero en el lugar mencionado por las chicas. &#8220;Lo hab\u00eda dejado estacionado unos minutos antes. As\u00ed que llevaron al hombre en car\u00e1cter de aprehendido y despu\u00e9s el Fiscal orden\u00f3 la detenci\u00f3n&#8221;, afirm\u00f3 Molineris.<\/p>\n\n\n\n<p>El jefe de la seccional, David Margarit, detall\u00f3 en declaraciones a FM 95.5: &#8220;\u00c9l cre\u00eda que el m\u00f3vil era su auto. Su veh\u00edculo estaba a la vuelta del boliche con su amigo durmiendo en el interior&#8221;.<\/p>\n\n\n\n<p>Finalmente, tras el intenso raid, el hombre fue trasladado a la comisar\u00eda y qued\u00f3 a disposici\u00f3n de la Justicia bajo la figura penal de hurto simple.<\/p>\n\n\n\n<p><em>Fuente: Todo Noticias.<\/em><\/p>\n","protected":false},"excerpt":{"rendered":"<p>Todo comenz\u00f3 luego de que no encontrara su auto estacionado. Cuando fue a reclamar la desaparici\u00f3n de su veh\u00edculo, aprovech\u00f3 el descuido de la Polic\u00eda y recorri\u00f3 30 kil\u00f3metros para&hellip; <\/p>\n","protected":false},"author":6,"featured_media":72961,"comment_status":"closed","ping_status":"open","sticky":false,"template":"","format":"standard","meta":{"footnotes":""},"categories":[5],"tags":[],"class_list":["post-72957","post","type-post","status-publish","format-standard","has-post-thumbnail","hentry","category-crimen-y-justicia"],"_links":{"self":[{"href":"https:\/\/corrientesdetarde.com\/index.php\/wp-json\/wp\/v2\/posts\/72957","targetHints":{"allow":["GET"]}}],"collection":[{"href":"https:\/\/corrientesdetarde.com\/index.php\/wp-json\/wp\/v2\/posts"}],"about":[{"href":"https:\/\/corrientesdetarde.com\/index.php\/wp-json\/wp\/v2\/types\/post"}],"author":[{"embeddable":true,"href":"https:\/\/corrientesdetarde.com\/index.php\/wp-json\/wp\/v2\/users\/6"}],"replies":[{"embeddable":true,"href":"https:\/\/corrientesdetarde.com\/index.php\/wp-json\/wp\/v2\/comments?post=72957"}],"version-history":[{"count":1,"href":"https:\/\/corrientesdetarde.com\/index.php\/wp-json\/wp\/v2\/posts\/72957\/revisions"}],"predecessor-version":[{"id":72962,"href":"https:\/\/corrientesdetarde.com\/index.php\/wp-json\/wp\/v2\/posts\/72957\/revisions\/72962"}],"wp:featuredmedia":[{"embeddable":true,"href":"https:\/\/corrientesdetarde.com\/index.php\/wp-json\/wp\/v2\/media\/72961"}],"wp:attachment":[{"href":"https:\/\/corrientesdetarde.com\/index.php\/wp-json\/wp\/v2\/media?parent=72957"}],"wp:term":[{"taxonomy":"category","embeddable":true,"href":"https:\/\/corrientesdetarde.com\/index.php\/wp-json\/wp\/v2\/categories?post=72957"},{"taxonomy":"post_tag","embeddable":true,"href":"https:\/\/corrientesdetarde.com\/index.php\/wp-json\/wp\/v2\/tags?post=72957"}],"curies":[{"name":"wp","href":"https:\/\/api.w.org\/{rel}","templated":true}]}}