{"id":72963,"date":"2023-07-11T10:39:05","date_gmt":"2023-07-11T13:39:05","guid":{"rendered":"https:\/\/corrientesdetarde.com\/?p=72963"},"modified":"2023-07-11T10:39:09","modified_gmt":"2023-07-11T13:39:09","slug":"la-empresa-ataco-denuncia-que-fueron-impedidos-de-cruzar-a-corrientes","status":"publish","type":"post","link":"https:\/\/corrientesdetarde.com\/index.php\/informacion-general\/la-empresa-ataco-denuncia-que-fueron-impedidos-de-cruzar-a-corrientes\/","title":{"rendered":"La empresa ATACO denuncia que fueron impedidos de cruzar a Corrientes."},"content":{"rendered":"\n<h2 class=\"wp-block-heading\">En medio de una medida de fuerza nacional de la Uni\u00f3n Tranviarios Automotor (UTA), que lleva cinco d\u00edas, una empresa chaque\u00f1a intent\u00f3 unir las dos provincias pero un bloqueo sindical lo imposibilit\u00f3.<\/h2>\n\n\n\n<p>Mediante un breve comunicado, ATACO NORTE SACI inform\u00f3 que &#8220;con motivo del impedimento de ingreso de los colectivos al territorio de la Provincia de Corrientes, por acciones directas del Sindicato UTA Seccional Corrientes, \u00a0el servicio de L\u00ednea 902 (Chaco-Corrientes) \u00a0se cumple con recorrido parcial desde \u00a0las cabeceras en la ciudad de Resistencia y hasta la Ruta Nicol\u00e1s Avellaneda y venida San Martin (rotonda del peaje) en territorio de la Provincia del Chaco; y viceversa y hasta nuevo aviso&#8221;.<\/p>\n\n\n\n<p><\/p>\n\n\n\n<p><em>Fuente: Diario Norte.<\/em><\/p>\n","protected":false},"excerpt":{"rendered":"<p>En medio de una medida de fuerza nacional de la Uni\u00f3n Tranviarios Automotor (UTA), que lleva cinco d\u00edas, una empresa chaque\u00f1a intent\u00f3 unir las dos provincias pero un bloqueo sindical&hellip; <\/p>\n","protected":false},"author":6,"featured_media":72964,"comment_status":"closed","ping_status":"open","sticky":false,"template":"","format":"standard","meta":{"footnotes":""},"categories":[1],"tags":[],"class_list":["post-72963","post","type-post","status-publish","format-standard","has-post-thumbnail","hentry","category-informacion-general"],"_links":{"self":[{"href":"https:\/\/corrientesdetarde.com\/index.php\/wp-json\/wp\/v2\/posts\/72963","targetHints":{"allow":["GET"]}}],"collection":[{"href":"https:\/\/corrientesdetarde.com\/index.php\/wp-json\/wp\/v2\/posts"}],"about":[{"href":"https:\/\/corrientesdetarde.com\/index.php\/wp-json\/wp\/v2\/types\/post"}],"author":[{"embeddable":true,"href":"https:\/\/corrientesdetarde.com\/index.php\/wp-json\/wp\/v2\/users\/6"}],"replies":[{"embeddable":true,"href":"https:\/\/corrientesdetarde.com\/index.php\/wp-json\/wp\/v2\/comments?post=72963"}],"version-history":[{"count":1,"href":"https:\/\/corrientesdetarde.com\/index.php\/wp-json\/wp\/v2\/posts\/72963\/revisions"}],"predecessor-version":[{"id":72965,"href":"https:\/\/corrientesdetarde.com\/index.php\/wp-json\/wp\/v2\/posts\/72963\/revisions\/72965"}],"wp:featuredmedia":[{"embeddable":true,"href":"https:\/\/corrientesdetarde.com\/index.php\/wp-json\/wp\/v2\/media\/72964"}],"wp:attachment":[{"href":"https:\/\/corrientesdetarde.com\/index.php\/wp-json\/wp\/v2\/media?parent=72963"}],"wp:term":[{"taxonomy":"category","embeddable":true,"href":"https:\/\/corrientesdetarde.com\/index.php\/wp-json\/wp\/v2\/categories?post=72963"},{"taxonomy":"post_tag","embeddable":true,"href":"https:\/\/corrientesdetarde.com\/index.php\/wp-json\/wp\/v2\/tags?post=72963"}],"curies":[{"name":"wp","href":"https:\/\/api.w.org\/{rel}","templated":true}]}}