{"id":72968,"date":"2023-07-11T10:51:58","date_gmt":"2023-07-11T13:51:58","guid":{"rendered":"https:\/\/corrientesdetarde.com\/?p=72968"},"modified":"2023-07-11T10:52:03","modified_gmt":"2023-07-11T13:52:03","slug":"emerenciano-sena-presenta-un-buen-estado-de-salud","status":"publish","type":"post","link":"https:\/\/corrientesdetarde.com\/index.php\/crimen-y-justicia\/emerenciano-sena-presenta-un-buen-estado-de-salud\/","title":{"rendered":"Emerenciano Sena presenta un &#8220;buen estado de salud&#8221;."},"content":{"rendered":"\n<h2 class=\"wp-block-heading\">El Instituto M\u00e9dico Forense present\u00f3 el informe de los estudios realizados el \u00faltimo viernes al l\u00edder piquetero, quien aduce sufrir diabetes con s\u00edntomas como p\u00f3lipos sangrantes.<\/h2>\n\n\n\n<p>El&nbsp;Instituto M\u00e9dico Forense&nbsp;de la provincia del&nbsp;Chaco&nbsp;public\u00f3 este lunes los resultados de los estudios realizados a&nbsp;Emerenciano Sena&nbsp;quien reclama la&nbsp;prisi\u00f3n domiciliaria&nbsp;a ra\u00edz de \u201cproblemas m\u00e9dicos\u201d.<\/p>\n\n\n\n<p>El viernes por la ma\u00f1ana el dirigente piquetero,&nbsp;imputado y detenido por el femicidio de Cecilia Strzyzowski, fue trasladado&nbsp;desde la Comisar\u00eda Tercera de Resistencia hasta el Instituto de Medicina y Ciencias Forenses (IMCiF) donde fue evaluado por una Junta M\u00e9dica por su diagn\u00f3stico de diabetes y cuadro de p\u00f3lipos sangrantes.<\/p>\n\n\n\n<p>En medio de insultos y gritos en su contra,&nbsp;Emerenciano hab\u00eda sido trasladado el d\u00eda anterior al \u00e1rea de Infectolog\u00eda del Hospital Perrando&nbsp;tras haber manifestado \u201cmareos\u201d, seg\u00fan trascendi\u00f3 de fuentes cercanas a la investigaci\u00f3n.<\/p>\n\n\n\n<figure class=\"wp-block-image\"><a href=\"https:\/\/www.radiosudamericana.com\/notix\/multimedia\/imagenes\/fotos\/2023-07-11\/687720.jpg\"><img decoding=\"async\" src=\"https:\/\/www.radiosudamericana.com\/notix\/multimedia\/imagenes\/fotos\/2023-07-11\/687720.jpg_nota.jpg\" alt=\"\"\/><\/a><\/figure>\n\n\n\n<p>En las \u00faltimas horas el Instituto M\u00e9dico Forense comunic\u00f3 los resultados de los an\u00e1lisis realizados a Sena. Los peritos forenses que firmaron el documento,&nbsp;Ramiro Isla, Camila Brollo y Mar\u00eda Ganz, llegaron a la conclusi\u00f3n que:&nbsp;\u201cSENA EMERENCIANO presenta al momento del examen buen estado de salud aparente, sin signos de descompensaci\u00f3n, ni de proceso agudo en evoluci\u00f3n\u201d.<\/p>\n\n\n\n<p>De acuerdo a lo constatado en los an\u00e1lisis, los m\u00e9dicos sugirieron realizar en el Hospital Perrando lo siguiente: evaluaci\u00f3n por diabetes y nutrici\u00f3n; laboratorio completo: hemograma, glucemia, hemoglobina glicosilada, uremia, creatinina, uricemia, hepatograma completo, triglic\u00e9ridos, colesterol total, LDL, HDL, PSA, clearence de creatinina, proteinuria de 24 horas, orina completa, urocultivo; ecograf\u00eda abdominal; evaluaci\u00f3n urol\u00f3gica con ecograf\u00eda renal vesical prost\u00e1tica con control de residuo posmiccional con informe; evaluaci\u00f3n cardiovascular con ECG con informe; evaluaci\u00f3n oftalmol\u00f3gica con Fondo de ojo; evaluaci\u00f3n por servicio de gastroenterolog\u00eda con realizaci\u00f3n de fibrocolonoscopia.<\/p>\n\n\n\n<p>En las \u201cconsideraciones m\u00e9dico-legales\u201d, la Junta M\u00e9dica detall\u00f3 que&nbsp;\u201cse examin\u00f3 a una persona de sexo masculino, de 60 a\u00f1os de edad, actualmente compensado, con buen estado nutricional\u201d y que \u201cno requiere asistencia de terceros para realizar las actividades de la vida diaria\u201d.<\/p>\n\n\n\n<p>\u201cSeg\u00fan manifiesta presenta diagn\u00f3stico de patolog\u00edas cr\u00f3nicas las cuales no se constatan por Historia cl\u00ednica ni estudios complementarios. Se sugiere que contin\u00fae con la medicaci\u00f3n (metformina 850 mg 2 veces al d\u00eda) que refiere le fuere indicado por un profesional m\u00e9dico (no sabe referir con certeza), adem\u00e1s de las medidas higi\u00e9nico diet\u00e9ticas, y esquema de vacunaci\u00f3n obligatorios completo y de preferencia adem\u00e1s, el esquema de vacunaci\u00f3n contra covid 19\u2033, contin\u00faa el informe.<\/p>\n\n\n\n<p>Una vez que se le realicen los estudios solicitados, se podr\u00e1 \u201crealizar un informe con diagn\u00f3sticos certeros, y que el examinado pueda recibir tratamiento adecuado y el seguimiento correspondiente\u201d.<\/p>\n\n\n\n<p>Marcela Acu\u00f1a, su pareja y madre de su hijo, tambi\u00e9n detenida por el caso, realiz\u00f3 una huelga de hambre en su celda para reclamar por que su marido salga de prisi\u00f3n y&nbsp;sea encerrado en su casa de la calle Santa Mar\u00eda de Oro, donde creen los fiscales del caso que se cometi\u00f3 el crimen el 2 de junio pasado.<\/p>\n\n\n\n<p>Antes de conocerse los resultados de la Junta M\u00e9dica, el domingo por la tarde se llev\u00f3 a cabo una nueva marcha por&nbsp;Cecilia Strzyzowski&nbsp;en Resistencia, encabezada por&nbsp;Gloria Romero, mam\u00e1 de la joven, quien pidi\u00f3 que se le niegue la prisi\u00f3n domiciliaria a Emerenciano Sena y Marcela Acu\u00f1a.<\/p>\n\n\n\n<figure class=\"wp-block-image\"><a href=\"https:\/\/www.radiosudamericana.com\/notix\/multimedia\/imagenes\/fotos\/2023-07-11\/759440.jpg\"><img decoding=\"async\" src=\"https:\/\/www.radiosudamericana.com\/notix\/multimedia\/imagenes\/fotos\/2023-07-11\/759440.jpg_nota.jpg\" alt=\"\"\/><\/a><\/figure>\n\n\n\n<p>La convocatoria tuvo lugar en la fiscal\u00eda de la capital provincial y asistieron m\u00e1s de 400 personas que ped\u00edan por el mismo motivo: que se le niegue la prisi\u00f3n domiciliaria por temas m\u00e9dicos a los suegros de la v\u00edctima, quienes son dos de los siete detenidos que hay en la causa por el femicidio de la joven.<\/p>\n\n\n\n<p>\u201cEsta fue una marcha improvisada por el tema que se est\u00e1 pidiendo la domiciliaria. Al no tener historia cl\u00ednica, est\u00e1n pidiendo una junta m\u00e9dica. Y tambi\u00e9n me enter\u00e9 que quer\u00edan visitas higi\u00e9nicas Marcela Acu\u00f1a con Emerenciano Sena\u201d, expres\u00f3 Gloria sobre el pedido de los abogados de la familia culpable del asesinato de su hija, que dijeron que Sena padece una diabetes avanzada y enfrenta problemas con p\u00f3lipos sangrantes que requieren atenci\u00f3n m\u00e9dica especializada, dif\u00edcil de obtener en la comisar\u00eda donde se encuentra detenido.<\/p>\n","protected":false},"excerpt":{"rendered":"<p>El Instituto M\u00e9dico Forense present\u00f3 el informe de los estudios realizados el \u00faltimo viernes al l\u00edder piquetero, quien aduce sufrir diabetes con s\u00edntomas como p\u00f3lipos sangrantes. El&nbsp;Instituto M\u00e9dico Forense&nbsp;de la&hellip; <\/p>\n","protected":false},"author":6,"featured_media":72971,"comment_status":"closed","ping_status":"open","sticky":false,"template":"","format":"standard","meta":{"footnotes":""},"categories":[5],"tags":[],"class_list":["post-72968","post","type-post","status-publish","format-standard","has-post-thumbnail","hentry","category-crimen-y-justicia"],"_links":{"self":[{"href":"https:\/\/corrientesdetarde.com\/index.php\/wp-json\/wp\/v2\/posts\/72968","targetHints":{"allow":["GET"]}}],"collection":[{"href":"https:\/\/corrientesdetarde.com\/index.php\/wp-json\/wp\/v2\/posts"}],"about":[{"href":"https:\/\/corrientesdetarde.com\/index.php\/wp-json\/wp\/v2\/types\/post"}],"author":[{"embeddable":true,"href":"https:\/\/corrientesdetarde.com\/index.php\/wp-json\/wp\/v2\/users\/6"}],"replies":[{"embeddable":true,"href":"https:\/\/corrientesdetarde.com\/index.php\/wp-json\/wp\/v2\/comments?post=72968"}],"version-history":[{"count":1,"href":"https:\/\/corrientesdetarde.com\/index.php\/wp-json\/wp\/v2\/posts\/72968\/revisions"}],"predecessor-version":[{"id":72972,"href":"https:\/\/corrientesdetarde.com\/index.php\/wp-json\/wp\/v2\/posts\/72968\/revisions\/72972"}],"wp:featuredmedia":[{"embeddable":true,"href":"https:\/\/corrientesdetarde.com\/index.php\/wp-json\/wp\/v2\/media\/72971"}],"wp:attachment":[{"href":"https:\/\/corrientesdetarde.com\/index.php\/wp-json\/wp\/v2\/media?parent=72968"}],"wp:term":[{"taxonomy":"category","embeddable":true,"href":"https:\/\/corrientesdetarde.com\/index.php\/wp-json\/wp\/v2\/categories?post=72968"},{"taxonomy":"post_tag","embeddable":true,"href":"https:\/\/corrientesdetarde.com\/index.php\/wp-json\/wp\/v2\/tags?post=72968"}],"curies":[{"name":"wp","href":"https:\/\/api.w.org\/{rel}","templated":true}]}}