{"id":72970,"date":"2023-07-11T10:53:55","date_gmt":"2023-07-11T13:53:55","guid":{"rendered":"https:\/\/corrientesdetarde.com\/?p=72970"},"modified":"2023-07-11T10:54:17","modified_gmt":"2023-07-11T13:54:17","slug":"prestaciones-por-desempleo-a-trabajadores-rurales","status":"publish","type":"post","link":"https:\/\/corrientesdetarde.com\/index.php\/economia\/prestaciones-por-desempleo-a-trabajadores-rurales\/","title":{"rendered":"Prestaciones por desempleo a trabajadores rurales."},"content":{"rendered":"\n<h2 class=\"wp-block-heading\">El cronograma de pago de prestaciones por desempleo a trabajadores rurales se extender\u00e1 hasta el viernes 21 de julio inclusive, en las modalidades habituales.<\/h2>\n\n\n\n<p>El Registro Nacional de Trabajadores Rurales y Empleadores (RENATRE), a trav\u00e9s de la Delegaci\u00f3n Corrientes, record\u00f3 que administra el Sistema de Prestaciones por Desempleo (SIPRED) instituidas en la Ley N\u00ba25.191 para el personal rural desempleado.<\/p>\n\n\n\n<p>El subsidio por desempleo contempla, adem\u00e1s de la prestaci\u00f3n econ\u00f3mica, la cobertura m\u00e9dico-asistencial, el cobro de las asignaciones familiares, y capacitaciones que garanticen la reinserci\u00f3n laboral para los beneficiarios alcanzados por este seguro social. La Delegaci\u00f3n Corrientes del RENATRE record\u00f3 tambi\u00e9n que del 24 al 28 de julio se pagan las Asignaciones Familiares, de acuerdo con las terminaciones de DNI: 0 y 1, el lunes 24.<\/p>\n\n\n\n<p><\/p>\n\n\n\n<p><em>Fuente: Diario \u00c9poca.<\/em><\/p>\n","protected":false},"excerpt":{"rendered":"<p>El cronograma de pago de prestaciones por desempleo a trabajadores rurales se extender\u00e1 hasta el viernes 21 de julio inclusive, en las modalidades habituales. El Registro Nacional de Trabajadores Rurales&hellip; <\/p>\n","protected":false},"author":6,"featured_media":72973,"comment_status":"closed","ping_status":"open","sticky":false,"template":"","format":"standard","meta":{"footnotes":""},"categories":[20],"tags":[],"class_list":["post-72970","post","type-post","status-publish","format-standard","has-post-thumbnail","hentry","category-economia"],"_links":{"self":[{"href":"https:\/\/corrientesdetarde.com\/index.php\/wp-json\/wp\/v2\/posts\/72970","targetHints":{"allow":["GET"]}}],"collection":[{"href":"https:\/\/corrientesdetarde.com\/index.php\/wp-json\/wp\/v2\/posts"}],"about":[{"href":"https:\/\/corrientesdetarde.com\/index.php\/wp-json\/wp\/v2\/types\/post"}],"author":[{"embeddable":true,"href":"https:\/\/corrientesdetarde.com\/index.php\/wp-json\/wp\/v2\/users\/6"}],"replies":[{"embeddable":true,"href":"https:\/\/corrientesdetarde.com\/index.php\/wp-json\/wp\/v2\/comments?post=72970"}],"version-history":[{"count":1,"href":"https:\/\/corrientesdetarde.com\/index.php\/wp-json\/wp\/v2\/posts\/72970\/revisions"}],"predecessor-version":[{"id":72974,"href":"https:\/\/corrientesdetarde.com\/index.php\/wp-json\/wp\/v2\/posts\/72970\/revisions\/72974"}],"wp:featuredmedia":[{"embeddable":true,"href":"https:\/\/corrientesdetarde.com\/index.php\/wp-json\/wp\/v2\/media\/72973"}],"wp:attachment":[{"href":"https:\/\/corrientesdetarde.com\/index.php\/wp-json\/wp\/v2\/media?parent=72970"}],"wp:term":[{"taxonomy":"category","embeddable":true,"href":"https:\/\/corrientesdetarde.com\/index.php\/wp-json\/wp\/v2\/categories?post=72970"},{"taxonomy":"post_tag","embeddable":true,"href":"https:\/\/corrientesdetarde.com\/index.php\/wp-json\/wp\/v2\/tags?post=72970"}],"curies":[{"name":"wp","href":"https:\/\/api.w.org\/{rel}","templated":true}]}}