{"id":72975,"date":"2023-07-11T10:56:13","date_gmt":"2023-07-11T13:56:13","guid":{"rendered":"https:\/\/corrientesdetarde.com\/?p=72975"},"modified":"2023-07-11T10:56:17","modified_gmt":"2023-07-11T13:56:17","slug":"allanan-aguantadero-con-cosas-robadas-en-casas-de-fines-de-semana","status":"publish","type":"post","link":"https:\/\/corrientesdetarde.com\/index.php\/crimen-y-justicia\/allanan-aguantadero-con-cosas-robadas-en-casas-de-fines-de-semana\/","title":{"rendered":"Allanan aguantadero con cosas robadas en casas &#8220;de fines de semana&#8221;."},"content":{"rendered":"\n<h2 class=\"wp-block-heading\">En trabajos investigativos y en colaboraci\u00f3n con la Unidad Fiscal en turno, personal policial de la Comisar\u00eda Distrito Paso de la Patria localiz\u00f3 un &#8220;aguantadero&#8221; con numerosos objetos de dudosa procedencia que estar\u00edan relacionados con el robo a casas de fin de semana.<\/h2>\n\n\n\n<p>La propiedad fue ubicada sobre la Ruta Provincial N\u00b0 1, al kil\u00f3metro 3 aproximadamente donde se procedi\u00f3 al secuestro de cuantiosos elementos\/artefactos de valor, cuyo origen no pudieron acreditar.<\/p>\n\n\n\n<p>Posteriormente al cotejar los registros de la Comisar\u00eda se estableci\u00f3 que propietarios de casas de fin de semana hab\u00edan denunciado la sustracci\u00f3n de algunos de los elementos hallados.<\/p>\n\n\n\n<p>Por orden de la Fiscal\u00eda, dos personas fueron detenidas y se iniciaron actuaciones por supuesta receptaci\u00f3n de elementos de dudosa procedencia.<\/p>\n","protected":false},"excerpt":{"rendered":"<p>En trabajos investigativos y en colaboraci\u00f3n con la Unidad Fiscal en turno, personal policial de la Comisar\u00eda Distrito Paso de la Patria localiz\u00f3 un &#8220;aguantadero&#8221; con numerosos objetos de dudosa&hellip; <\/p>\n","protected":false},"author":6,"featured_media":72976,"comment_status":"closed","ping_status":"open","sticky":false,"template":"","format":"standard","meta":{"footnotes":""},"categories":[5],"tags":[],"class_list":["post-72975","post","type-post","status-publish","format-standard","has-post-thumbnail","hentry","category-crimen-y-justicia"],"_links":{"self":[{"href":"https:\/\/corrientesdetarde.com\/index.php\/wp-json\/wp\/v2\/posts\/72975","targetHints":{"allow":["GET"]}}],"collection":[{"href":"https:\/\/corrientesdetarde.com\/index.php\/wp-json\/wp\/v2\/posts"}],"about":[{"href":"https:\/\/corrientesdetarde.com\/index.php\/wp-json\/wp\/v2\/types\/post"}],"author":[{"embeddable":true,"href":"https:\/\/corrientesdetarde.com\/index.php\/wp-json\/wp\/v2\/users\/6"}],"replies":[{"embeddable":true,"href":"https:\/\/corrientesdetarde.com\/index.php\/wp-json\/wp\/v2\/comments?post=72975"}],"version-history":[{"count":1,"href":"https:\/\/corrientesdetarde.com\/index.php\/wp-json\/wp\/v2\/posts\/72975\/revisions"}],"predecessor-version":[{"id":72977,"href":"https:\/\/corrientesdetarde.com\/index.php\/wp-json\/wp\/v2\/posts\/72975\/revisions\/72977"}],"wp:featuredmedia":[{"embeddable":true,"href":"https:\/\/corrientesdetarde.com\/index.php\/wp-json\/wp\/v2\/media\/72976"}],"wp:attachment":[{"href":"https:\/\/corrientesdetarde.com\/index.php\/wp-json\/wp\/v2\/media?parent=72975"}],"wp:term":[{"taxonomy":"category","embeddable":true,"href":"https:\/\/corrientesdetarde.com\/index.php\/wp-json\/wp\/v2\/categories?post=72975"},{"taxonomy":"post_tag","embeddable":true,"href":"https:\/\/corrientesdetarde.com\/index.php\/wp-json\/wp\/v2\/tags?post=72975"}],"curies":[{"name":"wp","href":"https:\/\/api.w.org\/{rel}","templated":true}]}}