{"id":72978,"date":"2023-07-11T11:38:31","date_gmt":"2023-07-11T14:38:31","guid":{"rendered":"https:\/\/corrientesdetarde.com\/?p=72978"},"modified":"2023-07-11T11:38:35","modified_gmt":"2023-07-11T14:38:35","slug":"jujuy-una-turista-murio-tras-descompensarse-en-un-micro-que-quedo-varado-en-un-corte-de-ruta","status":"publish","type":"post","link":"https:\/\/corrientesdetarde.com\/index.php\/nacionales\/jujuy-una-turista-murio-tras-descompensarse-en-un-micro-que-quedo-varado-en-un-corte-de-ruta\/","title":{"rendered":"Jujuy: una turista muri\u00f3 tras descompensarse en un micro que qued\u00f3 varado en un corte de ruta."},"content":{"rendered":"\n<h2 class=\"wp-block-heading\">La v\u00edctima ten\u00eda 66 a\u00f1os y sufri\u00f3 un paro cardiorrespiratorio antes del ingreso a la localidad de Abra Pampa.<\/h2>\n\n\n\n<p>Virginia Florez G\u00f3mez, de 66 a\u00f1os, muri\u00f3 mientras estaba varada en un corte de ruta en Jujuy. El micro en el que viajaba estaba esperando para pasar cuando la mujer, de nacionalidad boliviana, se desmay\u00f3. Lo m\u00e9dicos llegaron a trasladarla a un hospital, pero no logr\u00f3 ser atendida a tiempo.<br>Todo ocurri\u00f3 este domingo, a las 13, sobre la ruta nacional N\u00b09, cuando el bus de larga distancia estaba esperando que los manifestantes le habilitaran el paso. El modus operandi de las protestas es abrir el tr\u00e1nsito vehicular cada 6 horas.<\/p>\n\n\n\n<p>G\u00f3mez comenz\u00f3 a sentirse mal y se desmay\u00f3. Tras dar aviso al servicio de emergencias, lleg\u00f3 al lugar una ambulancia del SAME que r\u00e1pidamente la traslad\u00f3 al hospital. Pero, al llegar al centro de salud, la turista volvi\u00f3 a descompensarse y, pese a los esfuerzos de los profesionales, no pudieron reanimarla. El parte m\u00e9dico indica que falleci\u00f3 de un paro cardio respiratorio.<\/p>\n\n\n\n<p><strong>La v\u00edctima se dirig\u00eda a Bolivia<\/strong>&nbsp;<\/p>\n\n\n\n<p>&nbsp;<br>La turista, que hab\u00eda partido el jueves pasado desde Buenos Aires, se dirig\u00eda hacia Bolivia, en viaje que se hab\u00eda vuelto una pesadilla. Primero, el micro se detuvo en un corte de ruta en Purmamarca, donde permaneci\u00f3 unas 10 horas, y luego tuvo que volver a interrumpir su marcha en el corte de la Ruta Nacional 9.<\/p>\n\n\n\n<p>All\u00ed, los manifestantes informaron a todos los veh\u00edculos varados que el bloqueo ser\u00eda por tiempo indefinido y que iban a decidir si los dejaban pasar o no. Eso despert\u00f3 a\u00fan m\u00e1s la ira de automovilistas, choferes y pasajeros ante la incertidumbre de cu\u00e1ntas horas m\u00e1s quedar\u00edan en medio del camino.<\/p>\n\n\n\n<p>&nbsp;<br>Hasta el momento, el cuerpo de Florez G\u00f3mez permanece en el Hospital de Abra Pampa y las autoridades no descartan que se le realice una autopsia.<\/p>\n\n\n\n<p><em>Fuente: Minuto Uno.<\/em><\/p>\n","protected":false},"excerpt":{"rendered":"<p>La v\u00edctima ten\u00eda 66 a\u00f1os y sufri\u00f3 un paro cardiorrespiratorio antes del ingreso a la localidad de Abra Pampa. Virginia Florez G\u00f3mez, de 66 a\u00f1os, muri\u00f3 mientras estaba varada en&hellip; <\/p>\n","protected":false},"author":6,"featured_media":72994,"comment_status":"closed","ping_status":"open","sticky":false,"template":"","format":"standard","meta":{"footnotes":""},"categories":[10],"tags":[],"class_list":["post-72978","post","type-post","status-publish","format-standard","has-post-thumbnail","hentry","category-nacionales"],"_links":{"self":[{"href":"https:\/\/corrientesdetarde.com\/index.php\/wp-json\/wp\/v2\/posts\/72978","targetHints":{"allow":["GET"]}}],"collection":[{"href":"https:\/\/corrientesdetarde.com\/index.php\/wp-json\/wp\/v2\/posts"}],"about":[{"href":"https:\/\/corrientesdetarde.com\/index.php\/wp-json\/wp\/v2\/types\/post"}],"author":[{"embeddable":true,"href":"https:\/\/corrientesdetarde.com\/index.php\/wp-json\/wp\/v2\/users\/6"}],"replies":[{"embeddable":true,"href":"https:\/\/corrientesdetarde.com\/index.php\/wp-json\/wp\/v2\/comments?post=72978"}],"version-history":[{"count":1,"href":"https:\/\/corrientesdetarde.com\/index.php\/wp-json\/wp\/v2\/posts\/72978\/revisions"}],"predecessor-version":[{"id":72995,"href":"https:\/\/corrientesdetarde.com\/index.php\/wp-json\/wp\/v2\/posts\/72978\/revisions\/72995"}],"wp:featuredmedia":[{"embeddable":true,"href":"https:\/\/corrientesdetarde.com\/index.php\/wp-json\/wp\/v2\/media\/72994"}],"wp:attachment":[{"href":"https:\/\/corrientesdetarde.com\/index.php\/wp-json\/wp\/v2\/media?parent=72978"}],"wp:term":[{"taxonomy":"category","embeddable":true,"href":"https:\/\/corrientesdetarde.com\/index.php\/wp-json\/wp\/v2\/categories?post=72978"},{"taxonomy":"post_tag","embeddable":true,"href":"https:\/\/corrientesdetarde.com\/index.php\/wp-json\/wp\/v2\/tags?post=72978"}],"curies":[{"name":"wp","href":"https:\/\/api.w.org\/{rel}","templated":true}]}}