{"id":72996,"date":"2023-07-11T11:49:32","date_gmt":"2023-07-11T14:49:32","guid":{"rendered":"https:\/\/corrientesdetarde.com\/?p=72996"},"modified":"2023-07-11T11:49:36","modified_gmt":"2023-07-11T14:49:36","slug":"chaco-asesinaron-a-un-ex-concejal-y-precandidato-a-intendente","status":"publish","type":"post","link":"https:\/\/corrientesdetarde.com\/index.php\/crimen-y-justicia\/chaco-asesinaron-a-un-ex-concejal-y-precandidato-a-intendente\/","title":{"rendered":"Chaco: asesinaron a un ex concejal y precandidato a intendente."},"content":{"rendered":"\n<h2 class=\"wp-block-heading\">Se trata de Jos\u00e9 &#8220;Pepe&#8221; Gaitano quien sufri\u00f3 una herida de arma blanca en su local. El supuesto homicida fue detenido.<\/h2>\n\n\n\n<p>El brutal ataque a&nbsp;Jos\u00e9 &#8220;Pepe&#8221; Gaitano&nbsp;ocurri\u00f3 el domingo a la madrugada en su Pampa del Indio- Chaco y gener\u00f3 una enorme conmoci\u00f3n por c\u00f3mo se dio el hecho y por el sentido pesar en el \u00e1mbito pol\u00edtico, tras confirmarse el fallecimiento de quien fue concejal de esa ciudad y quien en las PASO que se realizaron en junio compiti\u00f3 como precandidato a intendente con la lista CER &#8220;Hacer por Todos&#8221;.<\/p>\n\n\n\n<p>A las 5 de la ma\u00f1ana del domingo, en la intersecci\u00f3n de las calles Alvear y Eva Per\u00f3n se produjo un &#8220;desorden&#8221; en un local bailable, propiedad de Gaitano. Los agentes que intervinieron dialogaron con una mujer que les indic\u00f3 que&nbsp;&#8220;en el lugar se desarrollaba evento Bailable&#8221; y que &#8220;un sujeto hiri\u00f3 al due\u00f1o del local con un arma blanca a la altura del pectoral&#8221;.<\/p>\n\n\n\n<p>Inmediatamente &#8220;Pepe&#8221; de 65 a\u00f1os fue trasladado hasta el hospital local y por su grave cuadro, tras haber sido diagnosticado de &#8220;herida corto punzante regi\u00f3n anterior hemit\u00f3rax derecho&#8221;, fue derivado este lunes al Hospital 4 de Junio de S\u00e1enz Pe\u00f1a.<\/p>\n\n\n\n<p>A las 17.45 de ayer, el nosocomio de la ciudad termal comunic\u00f3 que el paciente ingres\u00f3 al quir\u00f3fano y a las casi dos horas confirm\u00f3 su fallecimiento por &#8220;fallos m\u00faltiples de \u00f3rganos&#8221;.<\/p>\n\n\n\n<p>En cuando al autor del crimen, la Polic\u00eda inform\u00f3 la detenci\u00f3n de un hombre de 54 a\u00f1os, asimismo lograron incautar el arma utilizada.<\/p>\n\n\n\n<p>La intendente de Pampa del Infierno,&nbsp;Glenda Seifert, indic\u00f3 que el municipio &#8220;participa y acompa\u00f1a con profundo pesar por el fallecimiento de qui\u00e9n en vida fuera Jos\u00e9 &#8220;Pepe&#8221; Gaitano concejal mandato cumplido de nuestra querida ciudad&#8221;<\/p>\n\n\n\n<p>&#8220;Ante esta situaci\u00f3n la Municipalidad de Pampa del Infierno, gabinete y empleados extienden sus condolencias a familiares, amigos en tan dif\u00edcil situaci\u00f3n que hoy toca afrontar, le pedimos a Dios que les de fuerzas a todos sus seres queridos. Que su alma descanse en paz y Dios lo reciba su Santa Gloria&#8221;, agreg\u00f3.<\/p>\n\n\n\n<p><em>Fuente: Diario Chaco.<\/em><\/p>\n","protected":false},"excerpt":{"rendered":"<p>Se trata de Jos\u00e9 &#8220;Pepe&#8221; Gaitano quien sufri\u00f3 una herida de arma blanca en su local. El supuesto homicida fue detenido. El brutal ataque a&nbsp;Jos\u00e9 &#8220;Pepe&#8221; Gaitano&nbsp;ocurri\u00f3 el domingo a&hellip; <\/p>\n","protected":false},"author":6,"featured_media":72997,"comment_status":"closed","ping_status":"open","sticky":false,"template":"","format":"standard","meta":{"footnotes":""},"categories":[5],"tags":[],"class_list":["post-72996","post","type-post","status-publish","format-standard","has-post-thumbnail","hentry","category-crimen-y-justicia"],"_links":{"self":[{"href":"https:\/\/corrientesdetarde.com\/index.php\/wp-json\/wp\/v2\/posts\/72996","targetHints":{"allow":["GET"]}}],"collection":[{"href":"https:\/\/corrientesdetarde.com\/index.php\/wp-json\/wp\/v2\/posts"}],"about":[{"href":"https:\/\/corrientesdetarde.com\/index.php\/wp-json\/wp\/v2\/types\/post"}],"author":[{"embeddable":true,"href":"https:\/\/corrientesdetarde.com\/index.php\/wp-json\/wp\/v2\/users\/6"}],"replies":[{"embeddable":true,"href":"https:\/\/corrientesdetarde.com\/index.php\/wp-json\/wp\/v2\/comments?post=72996"}],"version-history":[{"count":1,"href":"https:\/\/corrientesdetarde.com\/index.php\/wp-json\/wp\/v2\/posts\/72996\/revisions"}],"predecessor-version":[{"id":72998,"href":"https:\/\/corrientesdetarde.com\/index.php\/wp-json\/wp\/v2\/posts\/72996\/revisions\/72998"}],"wp:featuredmedia":[{"embeddable":true,"href":"https:\/\/corrientesdetarde.com\/index.php\/wp-json\/wp\/v2\/media\/72997"}],"wp:attachment":[{"href":"https:\/\/corrientesdetarde.com\/index.php\/wp-json\/wp\/v2\/media?parent=72996"}],"wp:term":[{"taxonomy":"category","embeddable":true,"href":"https:\/\/corrientesdetarde.com\/index.php\/wp-json\/wp\/v2\/categories?post=72996"},{"taxonomy":"post_tag","embeddable":true,"href":"https:\/\/corrientesdetarde.com\/index.php\/wp-json\/wp\/v2\/tags?post=72996"}],"curies":[{"name":"wp","href":"https:\/\/api.w.org\/{rel}","templated":true}]}}