{"id":73000,"date":"2023-07-11T11:57:58","date_gmt":"2023-07-11T14:57:58","guid":{"rendered":"https:\/\/corrientesdetarde.com\/?p=73000"},"modified":"2023-07-11T11:58:04","modified_gmt":"2023-07-11T14:58:04","slug":"dia-del-bandoneon-por-que-se-celebra-hoy-y-quien-fue-anibal-troilo","status":"publish","type":"post","link":"https:\/\/corrientesdetarde.com\/index.php\/informacion-general\/dia-del-bandoneon-por-que-se-celebra-hoy-y-quien-fue-anibal-troilo\/","title":{"rendered":"D\u00eda del Bandone\u00f3n: por qu\u00e9 se celebra hoy y qui\u00e9n fue An\u00edbal Troilo."},"content":{"rendered":"\n<h2 class=\"wp-block-heading\">La efem\u00e9ride busca recordar al director de orquesta en el d\u00eda de su nacimiento; la importancia de este referente de la m\u00fasica radica en que se convirti\u00f3 en un emblema del tango nacional.<\/h2>\n\n\n\n<p><strong>El D\u00eda Nacional del Bandone\u00f3n<\/strong>\u00a0se conmemora cada 11 de julio\u00a0en homenaje al bandoneonista y director de orquesta\u00a0<strong>An\u00edbal Troilo<\/strong>, quien naci\u00f3 un d\u00eda como hoy, pero de 1914. La\u00a0<strong>efem\u00e9ride\u00a0<\/strong>fue instaurada en 2005 y, desde ese a\u00f1o, es celebrada con distintas actividades.<\/p>\n\n\n\n<p>Este 2023, la\u00a0<strong>Academia Nacional del Tango<\/strong>\u00a0festeja esta jornada especial con un\u00a0<strong>concierto gratuito\u00a0<\/strong>protagonizado por un seleccionado de<strong>\u00a0bandoneonistas e int\u00e9rpretes<\/strong>\u00a0que har\u00e1n un recorrido por la obra de \u201c<strong>Pichuco<\/strong>\u201d, como era conocido Troilo.<\/p>\n\n\n\n<p>El tributo se realizar\u00e1 a las 19 en la entidad, que est\u00e1 ubicada en Avenida de Mayo 833 y de \u00e9l participar\u00e1n Alejandro y Franco Bruschini, Gabriel Merlino, Julio Pane, Walter R\u00edos y Jos\u00e9 \u201cPepe\u201d Colangelo, adem\u00e1s de otros m\u00fasicos.<\/p>\n\n\n\n<h2 class=\"wp-block-heading\">Qu\u00e9 es el bandone\u00f3n<\/h2>\n\n\n\n<p>El bandone\u00f3n es un instrumento de viento que tuvo sus&nbsp;<strong>or\u00edgenes en Europa&nbsp;<\/strong>y fue creado a comienzos del siglo XIX.&nbsp;<strong>Dos de las versiones conocidas<\/strong>&nbsp;indican que se habr\u00eda inventado en Alemania, mientras que otra informa que fue desarrollado por un armenio que lo patent\u00f3 en Viena, Austria.<\/p>\n\n\n<div class=\"wp-block-image\">\n<figure class=\"aligncenter\"><img decoding=\"async\" src=\"https:\/\/resizer.glanacion.com\/resizer\/sjWMgrP3hUO4dNS3MKRCRIUZ7IU=\/310x0\/filters:format(webp):quality(70)\/cloudfront-us-east-1.images.arcpublishing.com\/lanacionar\/NBCNC44C2VHEJPVVB2WSEUIWQM.jpg\" alt=\"El bandone\u00f3n influy\u00f3 en los g\u00e9neros musicales argentinos\"\/><figcaption>El bandone\u00f3n influy\u00f3 en los g\u00e9neros musicales argentinos<\/figcaption><\/figure>\n<\/div>\n\n\n<p>Gracias a la acci\u00f3n de los inmigrantes y otros viajeros,<strong>&nbsp;el bandone\u00f3n<\/strong>&nbsp;lleg\u00f3 a otras regiones del mundo, como a Sudam\u00e9rica, donde result\u00f3 de gran influencia para el&nbsp;<strong>desarrollo del tango&nbsp;<\/strong>y de la&nbsp;<strong>est\u00e9tica sonora<\/strong>&nbsp;de esta&nbsp;<strong>m\u00fasica<\/strong>&nbsp;tan porte\u00f1a. En la actualidad,&nbsp;<strong>el bandone\u00f3n es conocido por ser \u201cel sonido del tango\u201d.<\/strong><\/p>\n\n\n\n<p>En\u00a0su sitio oficial,\u00a0el\u00a0<strong>Ministerio de Cultura<\/strong>\u00a0cita a los music\u00f3logos Eric von Hombostel y Curt Sachs, quienes definen al\u00a0<strong>bandone\u00f3n\u00a0<\/strong>como \u201cun aer\u00f3fono port\u00e1til con botones, accionado a fuelle, con ejecuci\u00f3n simult\u00e1nea de ambas manos, por acci\u00f3n del aire a presi\u00f3n con un sistema de leng\u00fcetas met\u00e1licas\u201d.<\/p>\n\n\n\n<h2 class=\"wp-block-heading\">An\u00edbal Troilo y su influencia en el tango<\/h2>\n\n\n\n<p>Al llegar a la Argentina,&nbsp;<strong>el bandone\u00f3n influy\u00f3 en varios estilos musicales, como la zamba y la chacarera.&nbsp;<\/strong>Sin embargo, en pocos su rol como&nbsp;<strong>instrumento&nbsp;<\/strong>fue tan determinante como en el&nbsp;<strong>tango<\/strong>.<\/p>\n\n\n\n<p>Dentro de esta estilo musical, se hizo conocido de la mano de grandes instrumentistas y compositores; entre ellos,\u00a0<strong>An\u00edbal Carmelo Troilo<\/strong>, quien adem\u00e1s de ser conocido como \u201cPichuco\u201d, se gan\u00f3 el nombre del\u00a0<strong>\u201cBandone\u00f3n Mayor de Buenos Aires\u201d.<\/strong><\/p>\n\n\n\n<h2 class=\"wp-block-heading\">Qui\u00e9n fue An\u00edbal Troilo<\/h2>\n\n\n\n<p><strong>Troilo&nbsp;<\/strong>naci\u00f3 el 11 de julio de 1914 en Buenos Aires y muri\u00f3 el 18 de mayo de 1975. Fue un&nbsp;<strong>m\u00fasico&nbsp;<\/strong>autodidacta que lleg\u00f3 a ser director de una de las&nbsp;<strong>orquestas&nbsp;<\/strong>m\u00e1s destacadas del pa\u00eds.<\/p>\n\n\n\n<p><strong>Bandoneonista, compositor, director y arreglador,\u00a0<\/strong>fue la figura central de la<strong>\u00a0\u00e9poca de oro del tango\u00a0<\/strong>y logr\u00f3 convertirse en una figura emblem\u00e1tica del 2&#215;4. Desde 1933 hasta 1975,\u00a0<strong>Pichuco\u00a0<\/strong>compuso un total de 61 obras desde la r\u00edtmica innovadora de \u201cToda mi vida\u201d, \u201cRomance de barrio\u201d o \u201cSur\u201d, hasta el \u00edntimo \u201cResponso\u201d.<\/p>\n\n\n<div class=\"wp-block-image\">\n<figure class=\"aligncenter\"><img decoding=\"async\" src=\"https:\/\/resizer.glanacion.com\/resizer\/1i-pwS60w2dRjZlNCQdexzwghck=\/310x0\/filters:format(webp):quality(70)\/cloudfront-us-east-1.images.arcpublishing.com\/lanacionar\/7OI3Y2DRHNCPXNQ53BR5PYHQMM.tif\" alt=\"An\u00edbal Troilo junto a Astor Piazzolla\"\/><figcaption>An\u00edbal Troilo junto a Astor PiazzollaGentileza<\/figcaption><\/figure>\n<\/div>\n\n\n<p>El aporte de&nbsp;<strong>Troilo&nbsp;<\/strong>al&nbsp;<strong>tango<\/strong>&nbsp;es invaluable: junto a su&nbsp;<strong>orquesta<\/strong>, cambi\u00f3 el cl\u00e1sico g\u00e9nero y logr\u00f3 su evoluci\u00f3n con sus arreglos y orquestaciones. De este modo, no solo fue admirado por sus pares, sino que tambi\u00e9n fue amado por el p\u00fablico.<\/p>\n\n\n\n<h2 class=\"wp-block-heading\">Por qu\u00e9 se celebra hoy el D\u00eda del Bandone\u00f3n<\/h2>\n\n\n\n<p>El 18 de mayo de 2005, el Congreso Nacional sancion\u00f3\u00a0la\u00a0<strong>ley n\u00b0 26.035,<\/strong>\u00a0que declara el 11 de julio como el\u00a0<strong>D\u00eda Nacional del Bandone\u00f3n.<\/strong><\/p>\n\n\n\n<p>La ley fue impulsada por Francisco Torn\u00e9 (nieto de \u201c<strong>Pichuco<\/strong>\u201d) y el poeta Horacio Ferrer, presidente de la Academia Nacional del Tango, y\u00a0<strong>la fecha se eligi\u00f3 por el nacimiento de An\u00edbal Troilo.<\/strong><\/p>\n\n\n\n<p><\/p>\n\n\n\n<p><em>Fuente: La Naci\u00f3n.<\/em><\/p>\n\n\n\n<p><a rel=\"noreferrer noopener\" href=\"https:\/\/www.lanacion.com.ar\/espectaculos\/quien-gano-el-martin-fierro-de-oro-2023-nid10072023\/\" target=\"_blank\"><\/a><\/p>\n","protected":false},"excerpt":{"rendered":"<p>La efem\u00e9ride busca recordar al director de orquesta en el d\u00eda de su nacimiento; la importancia de este referente de la m\u00fasica radica en que se convirti\u00f3 en un emblema&hellip; <\/p>\n","protected":false},"author":6,"featured_media":73002,"comment_status":"closed","ping_status":"open","sticky":false,"template":"","format":"standard","meta":{"footnotes":""},"categories":[1],"tags":[],"class_list":["post-73000","post","type-post","status-publish","format-standard","has-post-thumbnail","hentry","category-informacion-general"],"_links":{"self":[{"href":"https:\/\/corrientesdetarde.com\/index.php\/wp-json\/wp\/v2\/posts\/73000","targetHints":{"allow":["GET"]}}],"collection":[{"href":"https:\/\/corrientesdetarde.com\/index.php\/wp-json\/wp\/v2\/posts"}],"about":[{"href":"https:\/\/corrientesdetarde.com\/index.php\/wp-json\/wp\/v2\/types\/post"}],"author":[{"embeddable":true,"href":"https:\/\/corrientesdetarde.com\/index.php\/wp-json\/wp\/v2\/users\/6"}],"replies":[{"embeddable":true,"href":"https:\/\/corrientesdetarde.com\/index.php\/wp-json\/wp\/v2\/comments?post=73000"}],"version-history":[{"count":1,"href":"https:\/\/corrientesdetarde.com\/index.php\/wp-json\/wp\/v2\/posts\/73000\/revisions"}],"predecessor-version":[{"id":73003,"href":"https:\/\/corrientesdetarde.com\/index.php\/wp-json\/wp\/v2\/posts\/73000\/revisions\/73003"}],"wp:featuredmedia":[{"embeddable":true,"href":"https:\/\/corrientesdetarde.com\/index.php\/wp-json\/wp\/v2\/media\/73002"}],"wp:attachment":[{"href":"https:\/\/corrientesdetarde.com\/index.php\/wp-json\/wp\/v2\/media?parent=73000"}],"wp:term":[{"taxonomy":"category","embeddable":true,"href":"https:\/\/corrientesdetarde.com\/index.php\/wp-json\/wp\/v2\/categories?post=73000"},{"taxonomy":"post_tag","embeddable":true,"href":"https:\/\/corrientesdetarde.com\/index.php\/wp-json\/wp\/v2\/tags?post=73000"}],"curies":[{"name":"wp","href":"https:\/\/api.w.org\/{rel}","templated":true}]}}