{"id":73006,"date":"2023-07-11T14:06:15","date_gmt":"2023-07-11T17:06:15","guid":{"rendered":"https:\/\/corrientesdetarde.com\/?p=73006"},"modified":"2023-07-11T14:06:18","modified_gmt":"2023-07-11T17:06:18","slug":"claro-exito-en-el-comienzo-de-la-13-feria-provincial-del-libro-en-corrientes","status":"publish","type":"post","link":"https:\/\/corrientesdetarde.com\/index.php\/eventos\/claro-exito-en-el-comienzo-de-la-13-feria-provincial-del-libro-en-corrientes\/","title":{"rendered":"Claro \u00e9xito en el comienzo de la 13\u00b0 Feria Provincial del Libro en Corrientes"},"content":{"rendered":"\n<p>Los datos y las cifras que arrojan los primeros cuatros d\u00edas transcurridos de la 13\u00b0 Feria Provincial del Libro de Corrientes, coinciden en un comienzo exitoso del evento, que se extiende hasta el 16 de julio en la Ex Usina de la ciudad Capital. Seg\u00fan el presidente del Instituto de Cultura, Gabriel Romero, ya pasaron por el predio hasta este lunes, aproximadamente 30 mil personas y se registraron alrededor de $6.500.000 de pesos en venta de libros.<\/p>\n\n\n\n<p>\u201cA esto hay que sumar un monto que ser\u00e1 similar respecto a lo recaudado por los emprendedores gastron\u00f3micos\u201d agreg\u00f3. Inform\u00f3 tambi\u00e9n que La Feria contiene a 35 stands de librer\u00edas y editoriales, y cerca de 10 stands institucionales.<\/p>\n\n\n\n<p>En otro sentido, Romero destac\u00f3 \u201clo que significa la presencia de las editoriales correntinas, como Moglia, Contexto, que es correntina y chaque\u00f1a, entre otros, que posibilitan la edici\u00f3n de libros de autores correntinos\u201d. Asimismo, celebr\u00f3 \u201cla continuidad y el crecimiento de la Feria del Libro a lo largo de estos \u00faltimos a\u00f1os, con incremento en cantidad de p\u00fablico y, en la cantidad y variedad de propuestas\u201d.<\/p>\n\n\n\n<p>El presidente del Instituto de Cultura, a cargo de la organizaci\u00f3n de la Feria del Libro, se\u00f1al\u00f3 que \u201cesta pol\u00edtica del Gobierno provincial en torno al libro y la lectura es fundamental, porque tiene diferentes instancias, que comienza con el acompa\u00f1amiento a los escritores, a la producci\u00f3n bibliogr\u00e1fica, la presencia de Corrientes en la Feria Internacional del Libro de Buenos Aires y el acompa\u00f1amiento a las diferentes ferias que tiene la Provincia en todo el interior\u201d.<\/p>\n\n\n\n<p>En referencia al stand de Educa Innova, el funcionario provincial opin\u00f3 que \u201cme parece uno de los espacios m\u00e1s interesantes que tiene la Feria, en el sentido de la innovaci\u00f3n y que trae gran cantidad de p\u00fablico\u201d. Agreg\u00f3 que \u201cah\u00ed se est\u00e1 confluyendo de alguna manera lo de Inteligencia Artificial, lo interactivo, la posibilidad de mostrar el desarrollo de EducaPlay, y todo lo que significa la impresora en 3D, que es la gran atracci\u00f3n\u201d.<\/p>\n\n\n\n<p>Cont\u00f3 que junto al gobernador Gustavo Vald\u00e9s recorrieron dicho stand, quien \u201cdisfrut\u00f3 del espacio, consult\u00f3 sobre las diferentes propuestas y mostr\u00f3 a algunos presentes los distintos temas que se abordan en los videos\u201d.<\/p>\n\n\n\n<p>Cabe recordar que con la colaboraci\u00f3n de Corrientes Telecomunicaciones (TelCo), se dispuso un \u00e1rea equipada con computadoras y conectividad, que permiti\u00f3 al primer Mandatario, al igual que a todos los visitantes, acceder y explorar las plataformas de Corrientes Play y EducaPlay. Tal fue el inter\u00e9s generado diariamente por este sector en la Feria Provincial del Libro, que se forman largas filas de personas para ingresar y conocer sus instalaciones\u201d.<\/p>\n\n\n\n<figure class=\"wp-block-image size-large\"><img loading=\"lazy\" decoding=\"async\" width=\"1024\" height=\"682\" src=\"https:\/\/corrientesdetarde.com\/wp-content\/uploads\/2023\/07\/image-338-1024x682.png\" alt=\"\" class=\"wp-image-73008\" srcset=\"https:\/\/corrientesdetarde.com\/wp-content\/uploads\/2023\/07\/image-338-1024x682.png 1024w, https:\/\/corrientesdetarde.com\/wp-content\/uploads\/2023\/07\/image-338-300x200.png 300w, https:\/\/corrientesdetarde.com\/wp-content\/uploads\/2023\/07\/image-338-768x512.png 768w, https:\/\/corrientesdetarde.com\/wp-content\/uploads\/2023\/07\/image-338.png 1280w\" sizes=\"auto, (max-width: 1024px) 100vw, 1024px\" \/><\/figure>\n\n\n\n<figure class=\"wp-block-image size-large\"><img loading=\"lazy\" decoding=\"async\" width=\"1024\" height=\"682\" src=\"https:\/\/corrientesdetarde.com\/wp-content\/uploads\/2023\/07\/image-337-1024x682.png\" alt=\"\" class=\"wp-image-73007\" srcset=\"https:\/\/corrientesdetarde.com\/wp-content\/uploads\/2023\/07\/image-337-1024x682.png 1024w, https:\/\/corrientesdetarde.com\/wp-content\/uploads\/2023\/07\/image-337-300x200.png 300w, https:\/\/corrientesdetarde.com\/wp-content\/uploads\/2023\/07\/image-337-768x512.png 768w, https:\/\/corrientesdetarde.com\/wp-content\/uploads\/2023\/07\/image-337.png 1280w\" sizes=\"auto, (max-width: 1024px) 100vw, 1024px\" \/><\/figure>\n\n\n\n<figure class=\"wp-block-image size-large\"><img loading=\"lazy\" decoding=\"async\" width=\"1024\" height=\"682\" src=\"https:\/\/corrientesdetarde.com\/wp-content\/uploads\/2023\/07\/image-339-1024x682.png\" alt=\"\" class=\"wp-image-73009\" srcset=\"https:\/\/corrientesdetarde.com\/wp-content\/uploads\/2023\/07\/image-339-1024x682.png 1024w, https:\/\/corrientesdetarde.com\/wp-content\/uploads\/2023\/07\/image-339-300x200.png 300w, https:\/\/corrientesdetarde.com\/wp-content\/uploads\/2023\/07\/image-339-768x512.png 768w, https:\/\/corrientesdetarde.com\/wp-content\/uploads\/2023\/07\/image-339.png 1280w\" sizes=\"auto, (max-width: 1024px) 100vw, 1024px\" \/><\/figure>\n\n\n\n<figure class=\"wp-block-image size-full\"><img loading=\"lazy\" decoding=\"async\" width=\"768\" height=\"1024\" src=\"https:\/\/corrientesdetarde.com\/wp-content\/uploads\/2023\/07\/image-340.png\" alt=\"\" class=\"wp-image-73010\" srcset=\"https:\/\/corrientesdetarde.com\/wp-content\/uploads\/2023\/07\/image-340.png 768w, https:\/\/corrientesdetarde.com\/wp-content\/uploads\/2023\/07\/image-340-225x300.png 225w\" sizes=\"auto, (max-width: 768px) 100vw, 768px\" \/><\/figure>\n","protected":false},"excerpt":{"rendered":"<p>Los datos y las cifras que arrojan los primeros cuatros d\u00edas transcurridos de la 13\u00b0 Feria Provincial del Libro de Corrientes, coinciden en un comienzo exitoso del evento, que se&hellip; <\/p>\n","protected":false},"author":8,"featured_media":73011,"comment_status":"closed","ping_status":"open","sticky":false,"template":"","format":"standard","meta":{"footnotes":""},"categories":[22],"tags":[],"class_list":["post-73006","post","type-post","status-publish","format-standard","has-post-thumbnail","hentry","category-eventos"],"_links":{"self":[{"href":"https:\/\/corrientesdetarde.com\/index.php\/wp-json\/wp\/v2\/posts\/73006","targetHints":{"allow":["GET"]}}],"collection":[{"href":"https:\/\/corrientesdetarde.com\/index.php\/wp-json\/wp\/v2\/posts"}],"about":[{"href":"https:\/\/corrientesdetarde.com\/index.php\/wp-json\/wp\/v2\/types\/post"}],"author":[{"embeddable":true,"href":"https:\/\/corrientesdetarde.com\/index.php\/wp-json\/wp\/v2\/users\/8"}],"replies":[{"embeddable":true,"href":"https:\/\/corrientesdetarde.com\/index.php\/wp-json\/wp\/v2\/comments?post=73006"}],"version-history":[{"count":1,"href":"https:\/\/corrientesdetarde.com\/index.php\/wp-json\/wp\/v2\/posts\/73006\/revisions"}],"predecessor-version":[{"id":73012,"href":"https:\/\/corrientesdetarde.com\/index.php\/wp-json\/wp\/v2\/posts\/73006\/revisions\/73012"}],"wp:featuredmedia":[{"embeddable":true,"href":"https:\/\/corrientesdetarde.com\/index.php\/wp-json\/wp\/v2\/media\/73011"}],"wp:attachment":[{"href":"https:\/\/corrientesdetarde.com\/index.php\/wp-json\/wp\/v2\/media?parent=73006"}],"wp:term":[{"taxonomy":"category","embeddable":true,"href":"https:\/\/corrientesdetarde.com\/index.php\/wp-json\/wp\/v2\/categories?post=73006"},{"taxonomy":"post_tag","embeddable":true,"href":"https:\/\/corrientesdetarde.com\/index.php\/wp-json\/wp\/v2\/tags?post=73006"}],"curies":[{"name":"wp","href":"https:\/\/api.w.org\/{rel}","templated":true}]}}