{"id":73013,"date":"2023-07-11T14:09:49","date_gmt":"2023-07-11T17:09:49","guid":{"rendered":"https:\/\/corrientesdetarde.com\/?p=73013"},"modified":"2023-07-11T14:09:53","modified_gmt":"2023-07-11T17:09:53","slug":"la-provincia-continua-fortaleciendo-las-instituciones-de-salud","status":"publish","type":"post","link":"https:\/\/corrientesdetarde.com\/index.php\/informacion-general\/la-provincia-continua-fortaleciendo-las-instituciones-de-salud\/","title":{"rendered":"La Provincia contin\u00faa fortaleciendo las instituciones de salud"},"content":{"rendered":"\n<p><em>\u201cCon gusto anunciamos esta inversi\u00f3n integral de m\u00e1s de 100 millones de pesos, que se concreta gracias al apoyo del Gobernador, para dar respuesta a las necesidades de las diferentes \u00e1reas de salud\u201d, dijo el ministro Ricardo Cardozo, en el marco de la entrega de equipamientos para centros de salud.<\/em><\/p>\n\n\n\n<p>Continuando con el fortalecimiento permanente de las instituciones sanitarias, el ministro de Salud P\u00fablica de la Provincia,&nbsp;Ricardo Cardozo, entreg\u00f3 hoy, a trav\u00e9s de la Direcci\u00f3n General de Administraci\u00f3n, equipos a los hospitales y centros de salud de la provincia.<\/p>\n\n\n\n<p>\u201cCon gusto anunciamos esta inversi\u00f3n integral de m\u00e1s de 100 millones de pesos, que se concreta gracias al apoyo del gobernador, Gustavo Vald\u00e9s, para dar respuesta a las necesidades de las diferentes \u00e1reas de salud\u201d, dijo el Ministro.<\/p>\n\n\n\n<p>\u201cHace un par de d\u00edas entregamos uniformes para los promotores, ma\u00f1ana vamos a estar entregando material inform\u00e1tico para salas de atenci\u00f3n primaria, adem\u00e1s de camperas para los choferes de ambulancias de toda la provincia, y seguiremos sumando acciones en beneficio de nuestros agentes\u201d, agreg\u00f3 Cardozo.<\/p>\n\n\n\n<p>\u201cFelicitaciones nuevamente por la efectividad y eficacia de la Direcci\u00f3n General de Administraci\u00f3n que se pone al hombro cada petici\u00f3n, haciendo una mejor salud p\u00fablica\u201d, enfatiz\u00f3.<\/p>\n\n\n\n<p>Por su parte, el director General de&nbsp;Administraci\u00f3n,&nbsp;Francisco Fern\u00e1ndez&nbsp;expres\u00f3:&nbsp;\u201cLa posibilidad de mejorar los recursos en los hospitales y centros de salud es una alegr\u00eda para todos los que participamos de este sistema. Es un orgullo porque reconocemos que podemos humanizar todo el proceso de gesti\u00f3n, que es uno de nuestros objetivos&#8221;.&nbsp;<\/p>\n\n\n\n<p><strong>Detalle del equipamiento:<\/strong><\/p>\n\n\n\n<p>-Para el Hospital de 9 de Julio: 1 digitalizadora, 1 impresora y 1 UPS.<\/p>\n\n\n\n<p>-Para el Hospital de Ca\u00e1 Cat\u00ed: 1 heladera, 1 cocina,&nbsp;mobiliario y 3 aires acondicionados.<\/p>\n\n\n\n<p>-Para el Hospital Geri\u00e1trico Juana Francisca Cabral: 5 camas ortop\u00e9dicas, 5 bombas volum\u00e9tricas y 3 monitores.<\/p>\n\n\n\n<p>-Para el Hospital Escuela Gral. Jos\u00e9 de San Mart\u00edn: 1 digitalizadora, mobiliario para los servicios de cirug\u00eda general y de tomograf\u00eda.<\/p>\n\n\n\n<p>-Para el Hospital \u00c1ngela Iglesia de Llano: 2 monitores multiparam\u00e9tricos con cart\u00f3grafos, 2 laringoscopios y 1 camilla.<\/p>\n\n\n\n<p>-Para el Hospital Materno Neonatal Elo\u00edsa Torrent de Vidal: 1 equipo de Rayos X m\u00f3vil y 1 digitalizadora con impresora y UPS.<\/p>\n\n\n\n<p>-Para la Direcci\u00f3n General de Salud Materno Infanto Juvenil: 1 ec\u00f3grafo.<\/p>\n\n\n\n<p>-Para el servicio de Obstetricia del Hospital de Campa\u00f1a: 2 camillas ginecol\u00f3gicas, 1 detector de latidos y 1 fot\u00f3sfero.&nbsp;<\/p>\n\n\n\n<p>-Para la Direcci\u00f3n de Zoonosis: 2 Computadoras completas<\/p>\n\n\n\n<p>-Para el Hospital J. R. Vidal: 5 computadoras completas y 2 impresoras.<\/p>\n\n\n\n<p>-Para Paraje El Caim\u00e1n San Miguel: 2 term\u00f3metros digitales, 1 ox\u00edmetro de pulso, 1 otoscopio, 1 balanza mec\u00e1nica, 2 camillas para adulto, 1 camilla ginecol\u00f3gica articulada, 1 balanza electr\u00f3nica, 2 cajas de curaciones, 2 tensi\u00f3metros, 1 tabla de raquis adulto, 2 collares cervicales, 2 mascaras de oxigeno para adultos y dos pedi\u00e1tricas y mobiliario.<\/p>\n\n\n\n<figure class=\"wp-block-image size-large\"><img loading=\"lazy\" decoding=\"async\" width=\"1024\" height=\"682\" src=\"https:\/\/corrientesdetarde.com\/wp-content\/uploads\/2023\/07\/image-342-1024x682.png\" alt=\"\" class=\"wp-image-73015\" srcset=\"https:\/\/corrientesdetarde.com\/wp-content\/uploads\/2023\/07\/image-342-1024x682.png 1024w, https:\/\/corrientesdetarde.com\/wp-content\/uploads\/2023\/07\/image-342-300x200.png 300w, https:\/\/corrientesdetarde.com\/wp-content\/uploads\/2023\/07\/image-342-768x512.png 768w, https:\/\/corrientesdetarde.com\/wp-content\/uploads\/2023\/07\/image-342-1536x1023.png 1536w, https:\/\/corrientesdetarde.com\/wp-content\/uploads\/2023\/07\/image-342.png 1600w\" sizes=\"auto, (max-width: 1024px) 100vw, 1024px\" \/><\/figure>\n\n\n\n<figure class=\"wp-block-image size-large\"><img loading=\"lazy\" decoding=\"async\" width=\"1024\" height=\"682\" src=\"https:\/\/corrientesdetarde.com\/wp-content\/uploads\/2023\/07\/image-343-1024x682.png\" alt=\"\" class=\"wp-image-73016\" srcset=\"https:\/\/corrientesdetarde.com\/wp-content\/uploads\/2023\/07\/image-343-1024x682.png 1024w, https:\/\/corrientesdetarde.com\/wp-content\/uploads\/2023\/07\/image-343-300x200.png 300w, https:\/\/corrientesdetarde.com\/wp-content\/uploads\/2023\/07\/image-343-768x512.png 768w, https:\/\/corrientesdetarde.com\/wp-content\/uploads\/2023\/07\/image-343-1536x1023.png 1536w, https:\/\/corrientesdetarde.com\/wp-content\/uploads\/2023\/07\/image-343.png 1600w\" sizes=\"auto, (max-width: 1024px) 100vw, 1024px\" \/><\/figure>\n\n\n\n<figure class=\"wp-block-image size-large\"><img loading=\"lazy\" decoding=\"async\" width=\"1024\" height=\"682\" src=\"https:\/\/corrientesdetarde.com\/wp-content\/uploads\/2023\/07\/image-344-1024x682.png\" alt=\"\" class=\"wp-image-73017\" srcset=\"https:\/\/corrientesdetarde.com\/wp-content\/uploads\/2023\/07\/image-344-1024x682.png 1024w, https:\/\/corrientesdetarde.com\/wp-content\/uploads\/2023\/07\/image-344-300x200.png 300w, https:\/\/corrientesdetarde.com\/wp-content\/uploads\/2023\/07\/image-344-768x512.png 768w, https:\/\/corrientesdetarde.com\/wp-content\/uploads\/2023\/07\/image-344-1536x1023.png 1536w, https:\/\/corrientesdetarde.com\/wp-content\/uploads\/2023\/07\/image-344.png 1600w\" sizes=\"auto, (max-width: 1024px) 100vw, 1024px\" \/><\/figure>\n","protected":false},"excerpt":{"rendered":"<p>\u201cCon gusto anunciamos esta inversi\u00f3n integral de m\u00e1s de 100 millones de pesos, que se concreta gracias al apoyo del Gobernador, para dar respuesta a las necesidades de las diferentes&hellip; <\/p>\n","protected":false},"author":8,"featured_media":73018,"comment_status":"closed","ping_status":"open","sticky":false,"template":"","format":"standard","meta":{"footnotes":""},"categories":[1],"tags":[],"class_list":["post-73013","post","type-post","status-publish","format-standard","has-post-thumbnail","hentry","category-informacion-general"],"_links":{"self":[{"href":"https:\/\/corrientesdetarde.com\/index.php\/wp-json\/wp\/v2\/posts\/73013","targetHints":{"allow":["GET"]}}],"collection":[{"href":"https:\/\/corrientesdetarde.com\/index.php\/wp-json\/wp\/v2\/posts"}],"about":[{"href":"https:\/\/corrientesdetarde.com\/index.php\/wp-json\/wp\/v2\/types\/post"}],"author":[{"embeddable":true,"href":"https:\/\/corrientesdetarde.com\/index.php\/wp-json\/wp\/v2\/users\/8"}],"replies":[{"embeddable":true,"href":"https:\/\/corrientesdetarde.com\/index.php\/wp-json\/wp\/v2\/comments?post=73013"}],"version-history":[{"count":1,"href":"https:\/\/corrientesdetarde.com\/index.php\/wp-json\/wp\/v2\/posts\/73013\/revisions"}],"predecessor-version":[{"id":73019,"href":"https:\/\/corrientesdetarde.com\/index.php\/wp-json\/wp\/v2\/posts\/73013\/revisions\/73019"}],"wp:featuredmedia":[{"embeddable":true,"href":"https:\/\/corrientesdetarde.com\/index.php\/wp-json\/wp\/v2\/media\/73018"}],"wp:attachment":[{"href":"https:\/\/corrientesdetarde.com\/index.php\/wp-json\/wp\/v2\/media?parent=73013"}],"wp:term":[{"taxonomy":"category","embeddable":true,"href":"https:\/\/corrientesdetarde.com\/index.php\/wp-json\/wp\/v2\/categories?post=73013"},{"taxonomy":"post_tag","embeddable":true,"href":"https:\/\/corrientesdetarde.com\/index.php\/wp-json\/wp\/v2\/tags?post=73013"}],"curies":[{"name":"wp","href":"https:\/\/api.w.org\/{rel}","templated":true}]}}