{"id":73020,"date":"2023-07-11T14:10:53","date_gmt":"2023-07-11T17:10:53","guid":{"rendered":"https:\/\/corrientesdetarde.com\/?p=73020"},"modified":"2023-07-11T14:10:57","modified_gmt":"2023-07-11T17:10:57","slug":"la-direccion-de-juventud-brindo-charlas-en-distintas-escuelas-del-interior","status":"publish","type":"post","link":"https:\/\/corrientesdetarde.com\/index.php\/sociales\/la-direccion-de-juventud-brindo-charlas-en-distintas-escuelas-del-interior\/","title":{"rendered":"La Direcci\u00f3n de Juventud brind\u00f3 charlas en distintas escuelas del Interior"},"content":{"rendered":"\n<p>El \u00faltimo jueves&nbsp;y viernes, el Ministerio de Desarrollo Social realiz\u00f3 una actividad denominada \u201cCharla en tu escuela\u201d, en distintos municipios de la provincia de Corrientes. La misma, fue llevada a cabo por la Direcci\u00f3n de Juventud, a cargo de Clara Gortari.<\/p>\n\n\n\n<p>En Argentina, 2 de cada 10 estudiantes universitarios abandonan sus estudios al finalizar su primer a\u00f1o de estudio, seg\u00fan el informe del Departamento de Informaci\u00f3n Universitaria (dependiente del Ministerio de Educaci\u00f3n Nacional).<\/p>\n\n\n\n<p>Los estudiantes secundarios de Paso de los Libres, Bonpland, Parada Pucheta, Colonia Libertad, Cazadores Correntinos, Curuz\u00fa Cuati\u00e1, Perugorr\u00eda y Mariano I. Loza fueron los protagonistas de charlas sobre orientaci\u00f3n vocacional, en la que pudieron adquirir herramientas de autoconocimiento para comenzar a definir su vocaci\u00f3n y, posteriormente, indagar sobre la oferta superior y universitaria de la provincia.<\/p>\n\n\n\n<p>En esta ocasi\u00f3n, se visitaron los colegios Ra\u00fal Alfons\u00edn, Amado Bonpland, Parada Pucheta, Carlos Alberto Castell\u00e1n, Del Mercosur, Escuela N\u00b0572 de Cazadores Correntinos, General Manuel Belgrano y la Escuela Normal Irma Rita Barbosa Fonteina.<\/p>\n\n\n\n<p>El programa \u201cCharla en tu escuela\u201d propone generar un primer acercamiento a las demandas e inquietudes de los correntinos que se encuentran finalizando sus estudios secundarios, para abordar distintas problem\u00e1ticas de selecci\u00f3n participativa, como: bullying, sexting y grooming; acoso y violencia de g\u00e9nero; ciudadan\u00eda juvenil; y orientaci\u00f3n vocacional y armado de Curr\u00edculum Vitae.<\/p>\n\n\n\n<p>Ante el escenario de profunda incertidumbre en el que se inserta nuestro pa\u00eds, el desaf\u00edo generacional de los correntinos de 16 a 30 a\u00f1os es, precisamente, seguir transformando el presente para construir su futuro.<\/p>\n\n\n\n<p>Esto ha sido un paso previo a la realizaci\u00f3n de la Expo Joven, de la cual ya se realizaron dos ediciones este a\u00f1o, una en la ciudad de Santa Luc\u00eda y otra en la Virasoro.<\/p>\n\n\n\n<p>?Este evento vincula directamente a los j\u00f3venes de la provincia con la oferta educativa superior y universitaria, las empresas privadas y las organizaciones de la sociedad civil, en la que pueden adquirir herramientas de empleabilidad.<\/p>\n","protected":false},"excerpt":{"rendered":"<p>El \u00faltimo jueves&nbsp;y viernes, el Ministerio de Desarrollo Social realiz\u00f3 una actividad denominada \u201cCharla en tu escuela\u201d, en distintos municipios de la provincia de Corrientes. La misma, fue llevada a&hellip; <\/p>\n","protected":false},"author":8,"featured_media":73021,"comment_status":"closed","ping_status":"open","sticky":false,"template":"","format":"standard","meta":{"footnotes":""},"categories":[17],"tags":[],"class_list":["post-73020","post","type-post","status-publish","format-standard","has-post-thumbnail","hentry","category-sociales"],"_links":{"self":[{"href":"https:\/\/corrientesdetarde.com\/index.php\/wp-json\/wp\/v2\/posts\/73020","targetHints":{"allow":["GET"]}}],"collection":[{"href":"https:\/\/corrientesdetarde.com\/index.php\/wp-json\/wp\/v2\/posts"}],"about":[{"href":"https:\/\/corrientesdetarde.com\/index.php\/wp-json\/wp\/v2\/types\/post"}],"author":[{"embeddable":true,"href":"https:\/\/corrientesdetarde.com\/index.php\/wp-json\/wp\/v2\/users\/8"}],"replies":[{"embeddable":true,"href":"https:\/\/corrientesdetarde.com\/index.php\/wp-json\/wp\/v2\/comments?post=73020"}],"version-history":[{"count":1,"href":"https:\/\/corrientesdetarde.com\/index.php\/wp-json\/wp\/v2\/posts\/73020\/revisions"}],"predecessor-version":[{"id":73022,"href":"https:\/\/corrientesdetarde.com\/index.php\/wp-json\/wp\/v2\/posts\/73020\/revisions\/73022"}],"wp:featuredmedia":[{"embeddable":true,"href":"https:\/\/corrientesdetarde.com\/index.php\/wp-json\/wp\/v2\/media\/73021"}],"wp:attachment":[{"href":"https:\/\/corrientesdetarde.com\/index.php\/wp-json\/wp\/v2\/media?parent=73020"}],"wp:term":[{"taxonomy":"category","embeddable":true,"href":"https:\/\/corrientesdetarde.com\/index.php\/wp-json\/wp\/v2\/categories?post=73020"},{"taxonomy":"post_tag","embeddable":true,"href":"https:\/\/corrientesdetarde.com\/index.php\/wp-json\/wp\/v2\/tags?post=73020"}],"curies":[{"name":"wp","href":"https:\/\/api.w.org\/{rel}","templated":true}]}}