{"id":73023,"date":"2023-07-11T14:16:53","date_gmt":"2023-07-11T17:16:53","guid":{"rendered":"https:\/\/corrientesdetarde.com\/?p=73023"},"modified":"2023-07-11T14:16:57","modified_gmt":"2023-07-11T17:16:57","slug":"dispositivo-de-seguridad","status":"publish","type":"post","link":"https:\/\/corrientesdetarde.com\/index.php\/policiales\/dispositivo-de-seguridad\/","title":{"rendered":"DISPOSITIVO DE SEGURIDAD"},"content":{"rendered":"\n<p>123\u00b0 PEREGRINACI\u00d3N DE LA COMUNIDAD RELIGIOSA<br>DE SAN LUIS DEL PALMAR CON RUMBO A ITATI<\/p>\n\n\n\n<p>Con motivo de la realizaci\u00f3n de la 123\u00b0 \u201cPeregrinaci\u00f3n desde San Luis a Itat\u00ed, bajo el Lema<br>\u201cFieles a Nuestra Convicci\u00f3n, Juntos Peregrinamos a Itati\u201d, a desarrollarse el 13 al 18 de Julio del<br>corriente a\u00f1o, donde la comunidad de San Luis peregrina tradicionalmente hacia la Bas\u00edlica de Itat\u00ed, la<br>cual es acompa\u00f1ada por otras comunidades que se movilizan de a pie, a caballo, en carretas y en<br>veh\u00edculos particulares de Caa Cati-Beron de Astrada; sumado a una gran cantidad de ciclistas de la<br>Ciudad de Monte Caseros \u2013 Corrientes y de la ciudad de Posadas &#8211; Misiones y congregaciones de otras<br>provincias que nos visitan.<br>Desde el Ministerio de Seguridad, conjuntamente con la Subsecretaria de Seguridad y la Polic\u00eda de<br>la Provincia de Corrientes, a trav\u00e9s de la Direcci\u00f3n Planeamiento y Operaciones; la Direcci\u00f3n General<\/p>\n\n\n\n<p>de Seguridad Vial; de la Direcci\u00f3n General de Seguridad y Prevenci\u00f3n del Delito y la Direcci\u00f3n General<br>de Coordinaci\u00f3n Interior, en la Jurisdicci\u00f3n de las Unidades Regionales: I\u00ba-San Luis del Palmar; VI\u00ba<br>Ituzaingo y VII\u00ba Saladas; entre otros organismos, han dispuesto un importante operativo de seguridad,<br>a implementarse durante y despu\u00e9s de la culminaci\u00f3n de todas las actividades religiosas previstas<br>(peregrinaci\u00f3n y actos varios), a fin de brindar seguridad a los asistentes, peregrinos, m\u00f3viles y otras<br>personas que se desplacen durante el trayecto que comprende la peregrinaci\u00f3n y en la localidad de<br>Itati, principalmente por Ruta Nacional N\u00b0 12 y zonas aleda\u00f1as (Ruta Provincial N\u00b05; 9 y 20).<br>afectando para ello efectivos y m\u00f3viles Policiales entre otros.<br>Teniendo en cuenta que, la peregrinaci\u00f3n partir\u00e1 desde la localidad de San Luis del Palmar, y se<br>desplazar\u00e1 por rutas provinciales y nacionales hasta arribar a la Localidad de Itat\u00ed, por lo cual es<br>menester disponer de un importante operativo de seguridad, principalmente de seguridad vial durante<br>dicho desplazamiento, la cual tiene previsto su salida el 13 de Julio y su arribo el 14 de Julio (conforme<br>el itinerario), para los actos centrales con motivo de la \u201c123\u00ba Aniversario de la Coronaci\u00f3n Pontificia<br>de Ntra. Sra. de Itat\u00ed\u201d, bajo el lema \u201cCon Mar\u00eda de Itat\u00ed, Aprendemos a Escuchar, Discernir y<br>Misionar\u201d, que se desarrollar\u00e1n el 16 de Julio, previ\u00e9ndose el regreso de dichos peregrinos el 17 de<br>Julio (salida), y su llegada a la localidad de San Luis del Palmar el 18 de Julio. Asimismo, se considerar\u00e1n<br>las distintas actividades programadas durante esos d\u00edas (paradas-descanso, actos religiosos, eventos<br>de entretenimiento, etc).<br>En el Plan de Seguridad, tendr\u00e1n especial intervenci\u00f3n efectivos de las distintas dependencias<br>bajo la \u00f3rbita de la Unidad Regional I\u00ba de San Luis del Palmar que depende de la Direcci\u00f3n General de<br>Coordinaci\u00f3n e Interior, contando con la estrecha colaboraci\u00f3n de la Unidad Especial de Tr\u00e1nsito y<br>Caminera (Capital) de la Direcci\u00f3n General de Seguridad Vial; Direcci\u00f3n General de Seguridad y<br>Prevenci\u00f3n del Delito; la Unidad Regional VII- Saladas y de la Unidad Regional VII de Ituzaing\u00f3-.<br>Adem\u00e1s, se efectuar\u00e1 las coordinaciones pertinentes con las dem\u00e1s Dependencias Policiales,<br>Fuerzas de Seguridad (Gendarmer\u00eda, Prefectura, Polic\u00eda Federal, etc.,) y otras Instituciones<br>involucradas (Iglesias, Defensa Civil, Agencia Nacional de Seguridad Vial, Vialidad Provincial, Direcci\u00f3n<br>Provincial de Energ\u00eda de Corrientes, Bomberos Voluntarios, Cruz Roja Argentina, Municipalidades (San<br>Luis del Palmar, Itat\u00ed, San Cosme, Ramada Paso, Paso de la Patria, etc.,), Salud P\u00fablica, entre otras<br>Teniendo en cuenta, la gran afluencia de personas que se desplazar\u00e1 sobre la ruta, se ha<br>dispuesto el re direccionamiento del tr\u00e1nsito vehicular, por lo cual se dispondr\u00e1 de puestos fijos y<br>m\u00f3viles sobre todo el recorrido e igualmente, el Personal Policial de los Controles Camineros<br>permanentes y m\u00f3viles, ubicados en la Ciudad Capital e Interior de la Provincia, informaran a los<br>usuarios, respecto de la existencia del evento religioso, para que adopten las medidas de seguridad<br>adecuada.<br><em>REDIRECCIONAMIENTO DEL TRANSITO<\/em><br>Re-direcci\u00f3n de circulaci\u00f3n de camiones de carga de m\u00e1s de 3.500 kg, y colectivos de larga<br>distancia, a partir del Mi\u00e9rcoles 12 de julio de 2023, desde las 20: 00 horas y hasta el 18 de Julio del<br>2023, a las 20:00 en los siguientes tramos:<br>\u2022 Los camiones que circulan por RN. N\u00b012, desde Posadas hacia Corrientes Capital o<br>Resistencia y viceversa deber\u00e1n hacerlo (ingresando a la altura del km 1207 aproximadamente<br>de la RN 12-entre las localidades de Ita Ibate y Villa Olivari-), por RN. N\u00b0 118 , que lleva hasta las<br>4 Bocas de Saladas y desde all\u00ed, retomar por Ruta Nacional N\u00b0 12, hacia Corrientes, Resistencia y<br>otras zonas de esa regi\u00f3n, a excepci\u00f3n de los veh\u00edculos de transporte de pasajeros de larga<br>distancia que tenga destino a alg\u00fan centro tur\u00edstico y\/o localidad dentro del tramo del recorrido<br>de la peregrinaci\u00f3n.<\/p>\n\n\n\n<p>\u2022 Los veh\u00edculos de menor porte, los d\u00edas 13 y 17 de julio, en el horario 19:00 A 07:00<br>horas, del d\u00eda siguiente, a excepci\u00f3n de aquellos que tengan domicilio en la zona, deber\u00e1n<br>tomar otra v\u00eda alternativa de circulaci\u00f3n a fin de resguardar la integridad de los peregrinos.<br>\u2022 Los camiones que, ingresan a la ciudad por el Puente Interprovincial con destino al norte<br>o sur r del pa\u00eds, deber\u00e1n hacerlo por Av. 3 de Abril, hasta Av. Maip\u00fa y desde all\u00ed hasta la Ruta<br>Nacional 12, para luego dirigirse hasta su intersecci\u00f3n con Ruta Nacional N\u00b0 118 y luego<br>retomar por Ruta Nacional 12, a la altura del km 1207 aproximadamente (entre las localidades<br>de Ita Ibate y Villa Olivari).<br>Por ello, los Controles Policiales tendr\u00e1n la siguiente misi\u00f3n:<br>\uf0b7 Control Caminero N\u00ba 1 (Ruta 1- Ex Balanza): Tendr\u00e1 la misi\u00f3n de INFORMAR, a los conductores<br>de veh\u00edculos que transitan la Ruta Nacional N\u00b012 con sentido de circulaci\u00f3n de Capital a<br>Interior, de que por un tramo de la citada ruta se desplaza una peregrinaci\u00f3n a pie, caballo y<br>carros, para que adopten las medidas de precauci\u00f3n correspondientes.<br>\uf0b7 Control Caminero N\u00ba3 (Ruta 3): Tendr\u00e1 similares funci\u00f3n al \u00edtem anterior y adem\u00e1s brindar informaci\u00f3n<br>a conductores de veh\u00edculos de menor porte que tienen por destinos localidades m\u00e1s all\u00e1 de Itat\u00ed, que<br>pueden hacerlo por Ruta Provincial N\u00b05 hasta con la intersecci\u00f3n Ruta Provincial N\u00b0118, y salir<br>nuevamente a Ruta Nacional N\u00b012 (km 1207 aprox.), teniendo presente que en el corriente a\u00f1o por las<br>inclemencias clim\u00e1ticas, los veh\u00edculos de gran porte deber\u00e1n re direccionar su trayecto, realiz\u00e1ndolo por<br>la Ruta Nacional N\u00ba12 hasta las Cuatro Bocas Saladas, tomando la Ruta Nacional N\u00ba118 para luego<br>volver a la Ruta Nacional N\u00ba12, pero en la Jurisdicci\u00f3n concerniente a la Unidad Regional VI\u00ba Ituzaing\u00f3<br>(entre las localidades de Ita Ibate y Villa Olivari), evitando de esta forma encontrarse con las<br>columnas de peregrinos.<br>\uf0b7 Control Caminero N\u00ba 4 (Ruta 4): Tendr\u00e1 Similares funciones al \u00edtem anterior haciendo especial<br>hincapi\u00e9 sobre los veh\u00edculos de tr\u00e1nsito pesado, los cuales indefectiblemente deber\u00e1n realizar<br>el trayecto citado en el punto anterior.<br>\uf0b7 El Personal Policial destacado deber\u00e1 requerir permanentemente a los usuarios de la v\u00eda<br>p\u00fablica, incluido los veh\u00edculos utilizados como apoyo o transporte de peregrinos, el<br>cumplimiento de la ley de tr\u00e1nsito y har\u00e1 observar sus normas.<br>\uf0b7 Controles M\u00f3viles: Durante el desplazamiento de la peregrinaci\u00f3n instalar\u00e1 controles m\u00f3viles,<br>con equipos respectivos (Conos Led, Sem\u00e1foros M\u00f3viles, Alcohol\u00edmetro y Equipos PVA (Equipo<br>tecnol\u00f3gico para confecci\u00f3n de infracciones de tr\u00e1nsito) etc.) que realizar\u00e1n la regulaci\u00f3n y\/o re<br>direccionando el tr\u00e1nsito vehicular durante el paso de la misma, dichos controles estar\u00e1n<br>instalados en los siguientes puntos:<\/p>\n\n\n\n<ul class=\"wp-block-list\"><li>Ruta Nacional 12 y Provincial 9<\/li><li>Ruta 12 Km. 1072 (Parador)<\/li><li>Garita (Ruta Provincial 89 y 20)<br>Asimismo, en la Rotonda Virgen de Itat\u00ed, del 12\/07\/23, 20:00 horas hasta el 18\/07\/23, 20:00 horas,<br>se informara que, todos aquellos veh\u00edculos de gran porte (camiones, colectivos de larga distancia, etc.),<br>que circulen desde capital hacia interior y tenga por destino hacia la localidad de Itat\u00ed o m\u00e1s all\u00e1, es<br>decir, que tenga que tomar la misma direcci\u00f3n que la peregrinaci\u00f3n, los desv\u00eden hacia Ruta Nacional<br>12, a fin de que tomen como v\u00eda la Ruta Nacional 118, para luego retomar la Ruta Nacional N\u00b012 (km<br>1207 aprox.), para no obstaculizar la peregrinaci\u00f3n y evitar que los mismos demoren en su trayecto o<br>provoquen siniestros viales; como as\u00ed tampoco deber\u00e1n circular por Ruta Provincial N\u00ba5 (camiones,<br>colectivos de larga distancia, etc.). Los colectivos de l\u00ednea y otros que tengan por destino la localidad<br>de Itat\u00ed y aquellas localidades que se encuentren durante ese trayecto, podr\u00e1n circular por dicha Ruta<br>Nacional N\u00ba12, con la debida precauci\u00f3n, advirti\u00e9ndoles de que encuentra en curso la peregrinaci\u00f3n.<\/li><\/ul>\n\n\n\n<p>Id\u00e9ntico accionar, se desplegar\u00e1 tambi\u00e9n para las otras comunidades, como ser; Ber\u00f3n de<br>Astrada, It\u00e1 Ibat\u00e9, Mburucuy\u00e1.<br>\u2022 ITUZAINGO-CONTROLES POLICIALES<br>Ruta Nacional N\u00b012 y Ruta Nacional N\u00b0118: Se informara a todos aquellos veh\u00edculos de gran porte<br>(camiones, colectivos de larga distancia, etc.), que circulen desde el interior hacia capital y tenga por<br>destino la ciudad de Corrientes, o m\u00e1s all\u00e1, es decir, que tenga que tomar la misma direcci\u00f3n que la<br>peregrinaci\u00f3n, los desv\u00eden por la Ruta Nacional 118, hasta retomar la Ruta Nacional N\u00b012, para no<br>obstaculizar la peregrinaci\u00f3n y evitar que los mismos demoren en su trayecto o provoquen siniestros<br>viales, teniendo especial cuidado y atenci\u00f3n con los veh\u00edculos de gran porte, los cuales de manera<br>indefectible deber\u00e1n realizar el recorrido antes descripto, por lo que tambi\u00e9n se implementara un<br>control policial sobre las Rutas Nacional N\u00ba118 y Provincial N\u00ba5, a los efectos de re direccionar el<br>tr\u00e1nsito pesado sobre la citada arteria nacional, invitando a los conductores de los veh\u00edculos de gran<br>porte que contin\u00faen su trayectoria por la Ruta Nacional N\u00ba118 y retomen su camino en la Ruta<br>Nacional N\u00ba 12 (cuatro Bocas Saladas).<br>\u2022 SALADAS-CONTROL POLICIAL<br>Ruta Nacional N\u00b0 12 y Ruta Nacional N\u00b0118 (conocido como Cuatro Boca), para que todos aquellos<br>veh\u00edculos de gran porte, que circulen desde el interior hacia capital y tenga por destino lugares m\u00e1s<br>all\u00e1 de Itat\u00ed, los desv\u00eden por la Ruta Nacional 118, y luego retomen la Ruta Nacional N\u00b012, para no<br>obstaculizar la peregrinaci\u00f3n y evitar que los mismos demoren en su trayecto.<br>SEGURIDAD DE PEREGRINOS DURANTE SU DESPLAZAMIENTO:<\/p>\n\n\n\n<p>La peregrinaci\u00f3n, se iniciar\u00e1 desde la Parroquia de San Luis del Palmar, a las 08:00 horas del 13-JUL-23,<br>encabezado por la imagen del Santo, San Luis de Rey de Francia, y en el siguiente orden:<br>\u2022 Peregrinos de a pie.<br>\u2022 Peregrinos a Caballo.<br>\u2022 Peregrinos en Carretas.<br>\u2022 Veh\u00edculos de apoyo.<br>Seguridad inmediata de la peregrinaci\u00f3n: (Esta seguridad se refiere espec\u00edficamente a la marcha y<br>ritmo de la columna de la Peregrinaci\u00f3n, que sale de San Luis del Palmar, y recorre el itinerario.)<br>Delante de la peregrinaci\u00f3n: se ubicar\u00e1 (a unos 4 km aprox.), un M\u00f3vil policial con balizas encendidas y<br>equipo de se\u00f1alizaci\u00f3n adecuados (conos, luces, bandoleras, chalecos refractarios, etc.), dicho veh\u00edculo<br>policial mantendr\u00e1 la distancia y actuar\u00e1 preventivamente ante la aparici\u00f3n de veh\u00edculos usuarios de la<br>v\u00eda p\u00fablica, para advertir la presencia de la peregrinaci\u00f3n y adoptar las medidas de seguridad del caso.<br>Detr\u00e1s de la Peregrinaci\u00f3n, se instalar\u00e1 un servicio de seguridad por posta a cargo de la patrulla<br>motorizada, con id\u00e9nticas directivas a la mencionada en el punto anterior.<br>Al costado de la marcha de la peregrinaci\u00f3n, se afectar\u00e1 Personal Policial Motoristas, a efectos de<br>mantener una l\u00ednea de ocupaci\u00f3n (media calzada y banquina), y la restante (media calzada y banquina)<br>para el tr\u00e1nsito vehicular re-direccionado, utilizando lo que circulan desde Capital hacia el interior, la<br>media calzada asf\u00e1ltica, y los que circulan desde el interior a capital utilizan la banquina.<br>Por todo lo expuesto, se solicita la colaboraci\u00f3n de los se\u00f1ores conductores y transportistas, que<br>tomen las precauciones del caso a efectos de evitar accidentes y caos vehicular, teniendo en cuenta<br>que las personas que participan se desplazan de a pie, montados a caballo, en carretas y en veh\u00edculo<br>automotor y especialmente a todos los peregrinos (caminantes y otros) que est\u00e9n circulando por el<\/p>\n\n\n\n<p>trayecto que comprende la peregrinaci\u00f3n y las zonas de desv\u00edos establecidos, para que lo hagan<br>extremando las medidas de seguridad y las indicaciones de las autoridades tanto las eclesi\u00e1sticas como<br>policial, quienes se hallan velando por el mantenimiento del orden y la seguridad p\u00fablica.<br>ITINERARIO DE LA PEREGRINACI\u00d3N (DESCANSOS PREVISTOS):<\/p>\n\n\n\n<p>SALIDA<br>13- Julio-2023<br>06:00 hs. Control de acceso a San Luis del Palmar, impedir que los montados cruzar el puente antes<br>que la imagen.<br>08:00 hs. Cortes de las calles Rivadavia \u2013 9 de Julio \u2013 San Luis hacia Ruta Provincial 5, salida de la<br>peregrinaci\u00f3n hacia la Bas\u00edlica de Itat\u00ed, inicia motorizada de la Polic\u00eda de Corrientes, Bomberos, Carro<br>de Sonido, Imagen San Luis Rey de Francia y dem\u00e1s im\u00e1genes; siendo el orden: Caminantes \u2013<br>Montados \u2013 Carros \u2013 Autom\u00f3viles.<br>08:30 hs. Liberaci\u00f3n de las calles hacia Ruta Provincial 5<br>09:00 hs. Parada en la Capilla San Pedro \u2013 Ruta Provincial 9 (10 minutos)<br>11:00 hs. Llegada al acceso de Paso de la Patria (RP9 y RN 12)<br>12:30 hs. Llegada a San Cosme, pasando la Laguna Totora \u2013 Almuerzo (1 hs.)<br>13:30 hs. Partida hacia el Paradero del Peregrino<br>16:00 hs. Llegada al Parador (Ruta Nacional N\u00ba12, kil\u00f3metro N\u00ba1072)\u2013 donde se tiene previsto la<br>realizaci\u00f3n de una Misa de campa\u00f1a, a la cual se prev\u00e9 la asistencia de Autoridades Provinciales e<br>invitados especiales, luego se sirve una cena y festival para despu\u00e9s pernoctan en el lugar.<br>14- Julio-2023 \u2022 PERMANENCIA EN LA LOCALIDAD DE ITATI:<br>08:00 hs. Salida de la peregrinaci\u00f3n hacia la Bas\u00edlica de Itat\u00ed.<br>12:00 hs. Llegada a Ramada Paso (Paraje Chilecito &#8211; entre los kil\u00f3metros N\u00ba1083\/1055 &#8211; Almuerzo (1<br>hs)<br>13:00 hs. Partida de la peregrinaci\u00f3n tramo final hacia la Bas\u00edlica de Itat\u00ed<br>16:00 hs. Llegada de la peregrinaci\u00f3n a la Bas\u00edlica de Itat\u00ed, donde ser\u00e1n recibidos por las Autoridades<br>eclesi\u00e1sticas locales<br>Los d\u00edas 15 y 16 de Julio permanecen en la Localidad de Itat\u00ed, para participar de los actos centrales de<br>la Coronaci\u00f3n Pontificia de Ntra. Sra. de Itat\u00ed, al respecto se implementar\u00e1 un plan de servicio especial<br>en aquella localidad, que tambi\u00e9n estar\u00e1 supervisado por el Jefe de Servicio.<br>REGRESO<br>17- Julio-2023<br>08:00 hs. Retorno de la peregrinaci\u00f3n a San Luis del Palmar<br>11:30 hs. Llegada a Ramada Paso (entre los kil\u00f3metros N\u00ba1078\/1080 aprox.) \u2013 Almuerzo (1,30 hs)<br>13:00 hs. Partida hacia el Parador del Peregrino<br>16:00 hs. Llegada al Parador del Peregrino para pernoctar<br>18- Julio-2023<\/p>\n\n\n\n<p>08:00 hs. Partida del Parador del Peregrino hacia San Luis del Palmar<br>12:00 hs. Llegada al acceso de Paso de la Patria (a unos 400 metros del Boquer\u00f3n) \u2013Almuerzo (1 hs.)<br>13:30 hs. Partida hacia San Luis del Palmar<br>16:00 hs. Llegada de la peregrinaci\u00f3n en San Luis del Palmar, donde se celebra una Misa.<\/p>\n\n\n\n<p>RECOMENDACIONES<\/p>\n\n\n\n<p>RECOMENDACIONES A TENER EN CUENTA EN LA 123\u00b0 PEREGRINACI\u00d3N DE LA COMUNIDAD<br>RELIGIOSA DE SAN LUIS DEL PALMAR A LA BAS\u00cdLICA NUESTRA SE\u00d1ORA DE ITATI.-<\/p>\n\n\n\n<p>\u2022 \u2022 Mantener el orden de la peregrinaci\u00f3n en el tr\u00e1nsito establecido por los organizadores: carro<br>de sonido, Santo Patrono, peregrinos a pie, ambulancia, peregrinos a caballo, carretas, veh\u00edculos de<br>apoyo; respetando los lugares asignados y de esa manera no entorpecer el desplazamiento.<br>\u2022 \u2022 Para mejor fluidez del tr\u00e1nsito, los veh\u00edculos de apoyo evitar\u00e1n estacionar en la banquina del<br>sentido contrario al de la peregrinaci\u00f3n. Asimismo, estos veh\u00edculos deber\u00e1n estacionarse<br>correctamente, a fin de no obstruir la banquina por donde transitan los peregrinos, haci\u00e9ndolo sobre<br>los accesos que se encuentran fuera de la misma.<br>\u2022 \u2022 En todo momento, los peregrinos deber\u00e1n utilizar \u00fanicamente la calzada derecha, dejando la<br>otra calzada para el desplazamiento de los veh\u00edculos que no participan del evento.<br>\u2022 \u2022 Los feligreses, que se desplacen por cualquier medio, durante toda la peregrinaci\u00f3n deber\u00e1n<br>respetar las indicaciones de seguridad y no sobrepasar la l\u00ednea media de la ruta.<br>\u2022 \u2022 En ning\u00fan caso se permitir\u00e1 la circulaci\u00f3n vehicular en doble fila, evitando de este modo el<br>congestionamiento vehicular.<br>\u2022 \u2022 Los menores que cabalguen deber\u00e1n ir acompa\u00f1ados por personas mayores que sean<br>responsables de su seguridad.<br>\u2022 \u2022 Los que circulen en motocicleta o bicicleta, deber\u00e1n hacerlo con la totalidad de los elementos<br>de seguridad (casco) y con chaleco refractario.<br>\u2022 \u2022 Los peregrinos montados deber\u00e1n desplazarse en todo momento por la banquina de la<br>Peregrinaci\u00f3n (derecha), respetando siempre las indicaciones del personal policial destacado en los<br>distintitos controles fijos y m\u00f3viles policiales.<br>\u2022 A fin de evitar inconvenientes que afecten a la seguridad, la<br>\u2022 columna de peregrinos deber\u00e1 desplazarse de la forma m\u00e1s compacta posible, evitando<br>dispersiones lo que provocan desorganizaci\u00f3n y descontrol.<br>\u2022 \u2022 Se recomienda especialmente, la moderaci\u00f3n en el consumo de bebidas alcoh\u00f3licas, ya que el<br>exceso ocasiona numerosos inconvenientes, muchas veces con consecuencias tr\u00e1gicas.<br>\u2022 \u2022 Las cantinas m\u00f3viles, en ning\u00fan caso, podr\u00e1n estacionarse en las banquinas, ya que ello<br>ocasiona numerosos inconvenientes, tanto de organizaci\u00f3n como de seguridad.<br>\u2022 \u2022 Durante el proceso de acampe en el Parador del Peregrino, se deber\u00e1 evitar la obstaculizaci\u00f3n<br>del acceso al mismo. Asimismo, deber\u00e1n respetar el per\u00edmetro fijado por el personal policial para lo<br>cual optimizar\u00e1 la ocupaci\u00f3n de espacios dentro de ese per\u00edmetro (comprendido desde el kil\u00f3metro<br>1070 en cercan\u00edas del domicilio de la familia BAEZ, y el kil\u00f3metro 1074 ambos de la Ruta Nacional<br>N\u00ba12, el que ser\u00e1 se\u00f1alizado con un sem\u00e1foro m\u00f3vil)<br>\u2022 \u2022 En todo momento durante el acampe se deber\u00e1 mantener una convivencia pac\u00edfica,<br>respetando a los dem\u00e1s feligreses. No producir ruidos molestos despu\u00e9s de las 01:00 hs, procurando el<br>descanso correspondiente de los dem\u00e1s participantes del evento religioso.<br>\u2022 \u2022 Debido a la multitudinaria concurrencia de p\u00fablico de todo tipo, durante la estad\u00eda de los<br>Peregrinos en Itati, deber\u00e1n prestar especial atenci\u00f3n al cuidado de sus pertenencias personales.<br>\u2022 \u2022 LOS PEREGRINOS QUE ASISTEN A ESTA IMPORTANTE MUESTRA DE FE DEBER\u00c1N HACERLO<br>CON LA M\u00c1XIMA COOPERACI\u00d3N, RESPONSABILIDAD Y RESPETO.<\/p>\n\n\n\n<p>SEGURIDAD VIAL<\/p>\n\n\n\n<p>\u2022 Los automovilistas ajenos al movimiento religioso, deber\u00e1n circular con prudencia, respeto a las<br>normas de tr\u00e1nsito, las indicaciones realizadas por el personal policial trav\u00e9s de los<br>\u2022 distintos puestos fijos y m\u00f3viles y la totalidad de las documentaciones correspondientes.<br>\u2022 \u2022 Los rodados deber\u00e1n poseer las condiciones \u00f3ptimas de seguridad y transitabilidad.<br>\u2022 \u2022 Uso obligatorio del cintur\u00f3n de seguridad para todos los ocupantes del veh\u00edculo.<br>\u2022 \u2022 No exceder las velocidades permitidas.<br>\u2022 \u2022 Uso obligatorio de las luces bajasen forma permanente.<br>\u2022 \u2022 Respetar las se\u00f1alizaciones y mantener la distancia de frenado en ruta (2 segundos).<br>\u2022 \u2022 A los motociclistas se les exigir\u00e1, adem\u00e1s de las documentaciones correspondientes, el uso del<br>casco tanto para el conductor como el acompa\u00f1ante.<br>\u2022 \u2022 Los menores de diez a\u00f1os deben viajar en los asientos traseros y con los cinturones de<br>seguridad colocados, los beb\u00e9s deber\u00e1n viajar con el Sistema de Retenci\u00f3n Infantil (SRI), conforme la<br>legislaci\u00f3n vigente.<br>RECOMENDACIONES A TENER EN CUENTA PARA LOS VECINOS QUE PARTICIPAN DE LA 123\u00b0<br>PEREGRINACI\u00d3N DE LA COMUNIDAD RELIGIOSA DE SAN LUIS DEL PALMAR A LA BAS\u00cdLICA<br>NUESTRA SE\u00d1ORA DE ITATI, A FIN DE PREVENIR DELITOS CONTRA LA PROPIEDAD.-<br>\u2022 \u2022 Extremar las medidas de seguridad en los domicilios, reforzando los dispositivos utilizados<br>para tal fin, como ser la colocaci\u00f3n de cerraduras m\u00e1s resistentes, utilizaci\u00f3n de candados, sistemas de<br>alarmas, animales, etc.<br>\u2022 \u2022 Procurar la colaboraci\u00f3n del vecino no participante del evento, para que permanezca alerta a<br>fin de dar aviso en forma inmediata sobre la presencia de personas extra\u00f1as, que pueden resultar<br>sospechosas.<br>\u2022 Procurar a conformaci\u00f3n de foros vecinales de alerta (comunicaciones de alerta, whatsapp,<br>mensajes, etc), a fin de dar aviso a la Polic\u00eda sobre presuntos hechos delictivos.<br>\u2022 \u2022 De ser posible, en caso de concurrencia masiva de familias de un mismo barrio, procurar la<br>presencia de caseros y\/o serenos, a fin de reforzar la prevenci\u00f3n policial.<br>\u2022 \u2022 En caso de tomar conocimiento sobre un presunto hecho delictivo, en cualquier momento de<br>su ejecuci\u00f3n, se deber\u00e1 dar aviso en forma inmediata a las autoridades policiales, por los medios que<br>crean m\u00e1s id\u00f3neos o convenientes, llamando a las Unidades Policiales o alertar al personal policial de<br>recorrida.<br>\u2022 \u2022 Procurar una conveniente iluminaci\u00f3n de los hogares (interna y externa) y calles, a fin de<br>lograr una \u00f3ptima visibilidad de las viviendas que se encuentren desocupadas.<\/p>\n\n\n\n<p>PARA UNA ATENCI\u00d3N M\u00c1S \u00c1GIL Y EFICAZ, SE PUEDEN COMUNICAR A TRAV\u00c9S DE LOS<br>SIGUIENTESTEL\u00c9FONOS:<br>\u2022 COMISAR\u00cdA DE DISTRITO SAN LUIS DEL PALMAR: FIJO: 0379 \u2013 4492019 (101)<br>\u2022 CELULAR: 379 \u2013 4503398<br>\u2022 UNIDAD REGIONAL I \u2013 SAN LUIS DEL PALMAR: FIJO: 0379 \u2013 4492392<\/p>\n\n\n\n<p><\/p>\n\n\n\n<p><\/p>\n","protected":false},"excerpt":{"rendered":"<p>123\u00b0 PEREGRINACI\u00d3N DE LA COMUNIDAD RELIGIOSADE SAN LUIS DEL PALMAR CON RUMBO A ITATI Con motivo de la realizaci\u00f3n de la 123\u00b0 \u201cPeregrinaci\u00f3n desde San Luis a Itat\u00ed, bajo el&hellip; <\/p>\n","protected":false},"author":8,"featured_media":73024,"comment_status":"closed","ping_status":"open","sticky":false,"template":"","format":"standard","meta":{"footnotes":""},"categories":[33],"tags":[],"class_list":["post-73023","post","type-post","status-publish","format-standard","has-post-thumbnail","hentry","category-policiales"],"_links":{"self":[{"href":"https:\/\/corrientesdetarde.com\/index.php\/wp-json\/wp\/v2\/posts\/73023","targetHints":{"allow":["GET"]}}],"collection":[{"href":"https:\/\/corrientesdetarde.com\/index.php\/wp-json\/wp\/v2\/posts"}],"about":[{"href":"https:\/\/corrientesdetarde.com\/index.php\/wp-json\/wp\/v2\/types\/post"}],"author":[{"embeddable":true,"href":"https:\/\/corrientesdetarde.com\/index.php\/wp-json\/wp\/v2\/users\/8"}],"replies":[{"embeddable":true,"href":"https:\/\/corrientesdetarde.com\/index.php\/wp-json\/wp\/v2\/comments?post=73023"}],"version-history":[{"count":1,"href":"https:\/\/corrientesdetarde.com\/index.php\/wp-json\/wp\/v2\/posts\/73023\/revisions"}],"predecessor-version":[{"id":73025,"href":"https:\/\/corrientesdetarde.com\/index.php\/wp-json\/wp\/v2\/posts\/73023\/revisions\/73025"}],"wp:featuredmedia":[{"embeddable":true,"href":"https:\/\/corrientesdetarde.com\/index.php\/wp-json\/wp\/v2\/media\/73024"}],"wp:attachment":[{"href":"https:\/\/corrientesdetarde.com\/index.php\/wp-json\/wp\/v2\/media?parent=73023"}],"wp:term":[{"taxonomy":"category","embeddable":true,"href":"https:\/\/corrientesdetarde.com\/index.php\/wp-json\/wp\/v2\/categories?post=73023"},{"taxonomy":"post_tag","embeddable":true,"href":"https:\/\/corrientesdetarde.com\/index.php\/wp-json\/wp\/v2\/tags?post=73023"}],"curies":[{"name":"wp","href":"https:\/\/api.w.org\/{rel}","templated":true}]}}