{"id":73060,"date":"2023-07-11T16:12:53","date_gmt":"2023-07-11T19:12:53","guid":{"rendered":"https:\/\/corrientesdetarde.com\/?p=73060"},"modified":"2023-07-11T16:12:57","modified_gmt":"2023-07-11T19:12:57","slug":"un-productor-de-misiones-cruzo-a-santiago-cafiero-por-el-precio-de-la-yerba-mate","status":"publish","type":"post","link":"https:\/\/corrientesdetarde.com\/index.php\/politica\/un-productor-de-misiones-cruzo-a-santiago-cafiero-por-el-precio-de-la-yerba-mate\/","title":{"rendered":"Un productor de Misiones cruz\u00f3 a Santiago Cafiero por el precio de la yerba mate"},"content":{"rendered":"\n<p>Pedro Puerta, yerbatero y diputado provincial de Juntos por el Cambio, cuestion\u00f3 las declaraciones del canciller y ex jefe de Gabinete sobre el valor de esta infusi\u00f3n.<\/p>\n\n\n\n<p>El productor de yerba mate y diputado provincial electo de Juntos por el Cambio en las \u00faltimas elecciones de Misiones,&nbsp;<strong>Pedro Puerta,<\/strong>&nbsp;le respondi\u00f3 al canciller y ex jefe de Gabinete,&nbsp;<strong>Santiago Cafiero,<\/strong>&nbsp;quien se quej\u00f3 por el precio del&nbsp;<strong>paquete de yerba mate.<\/strong><\/p>\n\n\n\n<p><strong>\u201cA m\u00ed tambi\u00e9n me complica que la Playadito valga una luca\u201d,<\/strong>\u00a0hab\u00eda dicho Cafiero en una entrevista radial.<\/p>\n\n\n\n<p>\u201c<strong>M\u00e1s del 40% de un paquete de yerba mate son impuestos generados por tu Gobierno<\/strong>\u201d, dispar\u00f3 Puerta, quien es fundador del partido\u00a0<strong>Activar Misiones<\/strong>, que se encuentra nucleado en Juntos por el Cambio.<\/p>\n\n\n\n<p>Pedro<strong>&nbsp;es hijo de Ram\u00f3n Puerta<\/strong>, quien fue gobernador de esa provincia y, como presidente provisional del Senado, le toc\u00f3 en 2001 suceder&nbsp;<strong>Fernando De la R\u00faa<\/strong>&nbsp;durante 48 horas al frente del Ejecutivo nacional.<\/p>\n\n\n\n<p>Dedicado a la pol\u00edtica al igual que su padre, el joven yerbatero adem\u00e1s hizo referencia a un elevamiento realizado por el sector de Econom\u00edas Regionales de la\u00a0<strong>Confederaci\u00f3n Argentina de la Mediana Empresa (CAME)\u00a0<\/strong>realizado en 2021.<\/p>\n\n\n\n<figure class=\"wp-block-image size-large\"><img loading=\"lazy\" decoding=\"async\" width=\"1024\" height=\"506\" src=\"https:\/\/corrientesdetarde.com\/wp-content\/uploads\/2023\/07\/image-355-1024x506.png\" alt=\"\" class=\"wp-image-73062\" srcset=\"https:\/\/corrientesdetarde.com\/wp-content\/uploads\/2023\/07\/image-355-1024x506.png 1024w, https:\/\/corrientesdetarde.com\/wp-content\/uploads\/2023\/07\/image-355-300x148.png 300w, https:\/\/corrientesdetarde.com\/wp-content\/uploads\/2023\/07\/image-355-768x379.png 768w, https:\/\/corrientesdetarde.com\/wp-content\/uploads\/2023\/07\/image-355.png 1440w\" sizes=\"auto, (max-width: 1024px) 100vw, 1024px\" \/><\/figure>\n\n\n\n<p>En ese momento, en la Ciudad de Buenos Aires, el precio promedio del paquete de un kilo de yerba hab\u00eda alcanzado los $ 340,7, del cual el productor signific\u00f3 el 22,4% ($76,6); el sapecado, secadero y canchado el 7,6% ($25,9); la molienda y envasado el 11,1% ($37,7), el mayorista el 10,7% ($36,6), el minorista el 8,9% ($30,1), y los impuestos el 39,3% ($133,9).<\/p>\n\n\n\n<p>Dirigi\u00e9ndose al funcionario nacional por medio de un video de Instagram, Puerta sostuvo: \u201cAdem\u00e1s, tu Gobierno fija el valor de hoja verde, del precio de la canchada y hasta del paquete en la g\u00f3ndola\u201d.<\/p>\n\n\n\n<figure class=\"wp-block-image size-large\"><img loading=\"lazy\" decoding=\"async\" width=\"1024\" height=\"1024\" src=\"https:\/\/corrientesdetarde.com\/wp-content\/uploads\/2023\/07\/image-356-1024x1024.png\" alt=\"\" class=\"wp-image-73063\" srcset=\"https:\/\/corrientesdetarde.com\/wp-content\/uploads\/2023\/07\/image-356-1024x1024.png 1024w, https:\/\/corrientesdetarde.com\/wp-content\/uploads\/2023\/07\/image-356-300x300.png 300w, https:\/\/corrientesdetarde.com\/wp-content\/uploads\/2023\/07\/image-356-150x150.png 150w, https:\/\/corrientesdetarde.com\/wp-content\/uploads\/2023\/07\/image-356-768x768.png 768w, https:\/\/corrientesdetarde.com\/wp-content\/uploads\/2023\/07\/image-356.png 1440w\" sizes=\"auto, (max-width: 1024px) 100vw, 1024px\" \/><\/figure>\n\n\n\n<p>\u201cNosotros, los misioneros, el sector productivo, nos dedicamos a generar trabajo y que el producto llegue a todos los argentinos\u201d, agreg\u00f3 en su video que se viraliz\u00f3 en las redes sociales.<\/p>\n\n\n\n<p>\u201cLa inflaci\u00f3n ustedes no la puede resolver. Ah, y adem\u00e1s, el 40% de los argentinos son pobres\u201d, fianliz\u00f3.<\/p>\n\n\n\n<p>Por otro lado, la economista y precandidata a diputada nacional en la Ciudad de Buenos Aires por La Libertad Avanza,&nbsp;<strong>Diana Mondino,&nbsp;<\/strong>tambi\u00e9n cuestion\u00f3 las afirmaciones de Cafiero.<\/p>\n\n\n\n<p><strong>\u201cEl Playadito est\u00e1 a $1400, debe haber estado a una luca la \u00faltima vez que Cafiero se ba\u00f1\u00f3\u201d,&nbsp;<\/strong>dispar\u00f3 en su cuenta de Twitter, donde comparti\u00f3 una imagen tomando mate con esa yerba.<\/p>\n\n\n\n<figure class=\"wp-block-image size-large\"><img loading=\"lazy\" decoding=\"async\" width=\"619\" height=\"1024\" src=\"https:\/\/corrientesdetarde.com\/wp-content\/uploads\/2023\/07\/image-354-619x1024.png\" alt=\"\" class=\"wp-image-73061\" srcset=\"https:\/\/corrientesdetarde.com\/wp-content\/uploads\/2023\/07\/image-354-619x1024.png 619w, https:\/\/corrientesdetarde.com\/wp-content\/uploads\/2023\/07\/image-354-181x300.png 181w, https:\/\/corrientesdetarde.com\/wp-content\/uploads\/2023\/07\/image-354-768x1270.png 768w, https:\/\/corrientesdetarde.com\/wp-content\/uploads\/2023\/07\/image-354-929x1536.png 929w, https:\/\/corrientesdetarde.com\/wp-content\/uploads\/2023\/07\/image-354-1239x2048.png 1239w, https:\/\/corrientesdetarde.com\/wp-content\/uploads\/2023\/07\/image-354.png 1440w\" sizes=\"auto, (max-width: 619px) 100vw, 619px\" \/><\/figure>\n","protected":false},"excerpt":{"rendered":"<p>Pedro Puerta, yerbatero y diputado provincial de Juntos por el Cambio, cuestion\u00f3 las declaraciones del canciller y ex jefe de Gabinete sobre el valor de esta infusi\u00f3n. El productor de&hellip; <\/p>\n","protected":false},"author":8,"featured_media":73064,"comment_status":"closed","ping_status":"open","sticky":false,"template":"","format":"standard","meta":{"footnotes":""},"categories":[3],"tags":[],"class_list":["post-73060","post","type-post","status-publish","format-standard","has-post-thumbnail","hentry","category-politica"],"_links":{"self":[{"href":"https:\/\/corrientesdetarde.com\/index.php\/wp-json\/wp\/v2\/posts\/73060","targetHints":{"allow":["GET"]}}],"collection":[{"href":"https:\/\/corrientesdetarde.com\/index.php\/wp-json\/wp\/v2\/posts"}],"about":[{"href":"https:\/\/corrientesdetarde.com\/index.php\/wp-json\/wp\/v2\/types\/post"}],"author":[{"embeddable":true,"href":"https:\/\/corrientesdetarde.com\/index.php\/wp-json\/wp\/v2\/users\/8"}],"replies":[{"embeddable":true,"href":"https:\/\/corrientesdetarde.com\/index.php\/wp-json\/wp\/v2\/comments?post=73060"}],"version-history":[{"count":1,"href":"https:\/\/corrientesdetarde.com\/index.php\/wp-json\/wp\/v2\/posts\/73060\/revisions"}],"predecessor-version":[{"id":73065,"href":"https:\/\/corrientesdetarde.com\/index.php\/wp-json\/wp\/v2\/posts\/73060\/revisions\/73065"}],"wp:featuredmedia":[{"embeddable":true,"href":"https:\/\/corrientesdetarde.com\/index.php\/wp-json\/wp\/v2\/media\/73064"}],"wp:attachment":[{"href":"https:\/\/corrientesdetarde.com\/index.php\/wp-json\/wp\/v2\/media?parent=73060"}],"wp:term":[{"taxonomy":"category","embeddable":true,"href":"https:\/\/corrientesdetarde.com\/index.php\/wp-json\/wp\/v2\/categories?post=73060"},{"taxonomy":"post_tag","embeddable":true,"href":"https:\/\/corrientesdetarde.com\/index.php\/wp-json\/wp\/v2\/tags?post=73060"}],"curies":[{"name":"wp","href":"https:\/\/api.w.org\/{rel}","templated":true}]}}