{"id":73066,"date":"2023-07-11T16:19:13","date_gmt":"2023-07-11T19:19:13","guid":{"rendered":"https:\/\/corrientesdetarde.com\/?p=73066"},"modified":"2023-07-11T16:19:18","modified_gmt":"2023-07-11T19:19:18","slug":"pampita-detallo-la-reaccion-de-garcia-moritan-tras-la-declaracion-de-amor-de-vicuna-fue-una-sorpresa","status":"publish","type":"post","link":"https:\/\/corrientesdetarde.com\/index.php\/espectaculos\/pampita-detallo-la-reaccion-de-garcia-moritan-tras-la-declaracion-de-amor-de-vicuna-fue-una-sorpresa\/","title":{"rendered":"Pampita detall\u00f3 la reacci\u00f3n de Garc\u00eda Morit\u00e1n tras la declaraci\u00f3n de amor de Vicu\u00f1a: \u201cFue una sorpresa\u201d"},"content":{"rendered":"\n<p>La modelo habl\u00f3 del revuelo que gener\u00f3 la frase que dijo su expareja y padre de sus cuatro hijos cuando recibi\u00f3 su galard\u00f3n en la premiaci\u00f3n.<\/p>\n\n\n\n<p>Pampita y Benjamin Vicu\u00f1a \u00a0fueron dos de las figuras que se robaron todas las miradas en la ceremonia de los\u00a0<strong>Premios Mart\u00edn Fierro 2023<\/strong>. Luego del revuelo por\u00a0la frase que dijo el actor al recibir su galard\u00f3n, cuando asegur\u00f3 que la Argentina le hab\u00eda regalado \u201cun amor\u201d,<strong>\u00a0la modelo se refiri\u00f3 a lo ocurrido y cont\u00f3 c\u00f3mo lo tom\u00f3 su marido Roberto Garc\u00eda Morit\u00e1n.<\/strong><\/p>\n\n\n\n<p>Este martes, en di\u00e1logo con\u00a0<em>Intrusos\u00a0<\/em>(<em>Am\u00e9rica<\/em>), la conductora habl\u00f3 de la buena relaci\u00f3n que tiene con el padre de sus cuatro hijos, dijo que no sinti\u00f3 que ese discurso fuera para ella y<strong>\u00a0neg\u00f3 rotundamente que hubiera generado alg\u00fan tipo de incomodidad en su marido<\/strong>.<\/p>\n\n\n\n<figure class=\"wp-block-image\"><img decoding=\"async\" src=\"https:\/\/tn.com.ar\/resizer\/EPSGrT3PQRy2vG2Lc9H3QiMG988=\/767x0\/smart\/filters:format(webp)\/cloudfront-us-east-1.images.arcpublishing.com\/artear\/ZFOUW4XTPRFBZO7D63LL5R4CWY.jpg\" alt=\"Pampita habl\u00f3 de la frase de Benjam\u00edn Vicu\u00f1a en la entrega de los Premios Martin Fierro. (Foto: Captura Am\u00e9rica)\"\/><\/figure>\n\n\n\n<h2 class=\"wp-block-heading\">Qu\u00e9 dijo Roberto Garc\u00eda Morit\u00e1n sobre el discurso de Benjam\u00edn Vicu\u00f1a tras ganar el Martin Fierro<\/h2>\n\n\n\n<p>Al aire del ciclo, Pampito tom\u00f3 la posta y quiso saber si Garc\u00eda Morit\u00e1n hab\u00eda hecho alg\u00fan reproche por la dedicatoria de Benjam\u00edn Vicu\u00f1a, pero Pampita neg\u00f3 tajante. \u201c<strong>Ustedes est\u00e1n haciendo interpretaciones equivocadas&nbsp;<\/strong>porque yo no lo sent\u00ed de esa manera<strong>. Yo sent\u00ed que agradec\u00eda a todo lo que Argentina le hab\u00eda dado<\/strong>, nunca me sent\u00ed identificada. Para nada (&#8230;) Creo que ten\u00eda que ver con todo lo que le dio Argentina, que lo hizo su hogar\u201d, expres\u00f3.<\/p>\n\n\n\n<figure class=\"wp-block-image\"><img decoding=\"async\" src=\"https:\/\/tn.com.ar\/resizer\/hBvddOqinXxB-5RVa-nHyR2FFaI=\/767x0\/smart\/filters:format(webp)\/cloudfront-us-east-1.images.arcpublishing.com\/artear\/L324VI4S4FG5BDZNYYXE53ITUU.jpg\" alt=\"El jurado de Honor de los Mart\u00edn Fierro de la Moda eligi\u00f3 a los mejores vestidos de la alfombra roja (Fotos: Movilpress)\"\/><\/figure>\n\n\n\n<p>Lejos de cualquier pol\u00e9mica asegur\u00f3 que&nbsp;<strong>Vicu\u00f1a y Garc\u00eda Morit\u00e1n tienen un excelente v\u00ednculo<\/strong>. \u201cSe acompa\u00f1an mucho con la crianza de los chicos. Rober es un pap\u00e1 genial con sus hijos y oficia de pap\u00e1 los d\u00edas que est\u00e1n los chicos en casa en todo. Y Benja es re agradecido de eso. \u00c9l sabe que cuando los chicos est\u00e1n en casa, Rober los lleva al colegio, les compra el mapa, el remedio. Jam\u00e1s har\u00eda una cosa as\u00ed. Yo lo conozco mucho a Benjam\u00edn y s\u00e9 que esa no fue su intenci\u00f3n para nada\u201d, sostuvo.<\/p>\n\n\n\n<p>Y a\u00f1adi\u00f3: \u201cSomos una familia emblem\u00e1tica.&nbsp;<strong>Benja es re respetuoso de mi familia. A Rober lo quiere un mont\u00f3n.&nbsp;<\/strong>Rober ha estado en momentos de Benja superpresente para apoyarlo\u201d.<\/p>\n\n\n\n<figure class=\"wp-block-image\"><img decoding=\"async\" src=\"https:\/\/tn.com.ar\/resizer\/qCq-cdZgXyRVOsZGdlSDiPxHS_g=\/767x0\/smart\/filters:format(webp)\/cloudfront-us-east-1.images.arcpublishing.com\/artear\/3DCSHLPTZVE7XE2XBXC7D3YKGU.png\" alt=\"&quot;Te amo tanto&quot;, escribi\u00f3 Pampita y dej\u00f3 en claro el rom\u00e1ntico presente que vive con Roberto Garc\u00eda Morit\u00e1n, su esposo. (Foto: Captura Instagram\/pampitaoficial).\"\/><\/figure>\n\n\n\n<p>A modo de cierre, asegur\u00f3 que<strong>&nbsp;el momento no fue inc\u00f3modo para nadie<\/strong>. \u201cLa verdad que lo que pas\u00f3 en redes<strong>&nbsp;a nosotros no nos result\u00f3 para nada as\u00ed en ese lugar.&nbsp;<\/strong>Lo vivimos re bien. Fue una sorpresa ver al d\u00eda siguiente lo que le hab\u00eda pasado a la gente\u201d, concluy\u00f3 dando por cerrado el tema.<\/p>\n\n\n\n<h2 class=\"wp-block-heading\">Qu\u00e9 dijo Pampita sobre su relaci\u00f3n con Benjam\u00edn Vicu\u00f1a y el discurso del actor<\/h2>\n\n\n\n<p>Pampita asegur\u00f3 que mantiene una excelente relaci\u00f3n con el pap\u00e1 de sus cuatro hijos. \u201cSe dio naturalmente, no es algo impostado. Para nosotros es natural llevarnos bien todos, criar a los chicos en una ambiente de paz, comodidad, calidez&#8230; Hace muchos a\u00f1os que cultivamos eso y nos llevamos todos bien\u201d.<\/p>\n\n\n\n<figure class=\"wp-block-image\"><img decoding=\"async\" src=\"https:\/\/tn.com.ar\/resizer\/j1NOoLriNFsGCqeIwNn7ml5zp9Q=\/767x0\/smart\/filters:format(webp)\/cloudfront-us-east-1.images.arcpublishing.com\/artear\/SMDOJZH4TVEPLBAW6V7HJP4S2I.png\" alt=\"Benjam\u00edn Vicu\u00f1a se volvi\u00f3 viral por su frase: &quot;Este pa\u00eds me dio un amor&quot;. (Foto: Captura Twitter\/LuGurchenco).\"\/><\/figure>\n\n\n\n<p>Marcela Tauro se\u00f1al\u00f3 que el momento culmine de la noche fue cuando el actor chileno le agradeci\u00f3 a la Argentina por los hijos y por un amor y las c\u00e1maras la tomaron a ella. \u201c<strong>Eso de que me ponchen era una obviedad&nbsp;<\/strong>porque como estaba ah\u00ed&#8230;&nbsp;<strong>el camar\u00f3grafo no se iba a perder ese plano de ninguna manera<\/strong>. Y yo ah\u00ed cara de poker, \u00bfqu\u00e9 iba a hacer? Sab\u00eda que ten\u00eda la c\u00e1mara en la cara\u201d, lanz\u00f3 divertida.<\/p>\n\n\n\n<p>Sin embargo, aclar\u00f3 que su gesto fue sincero porque est\u00e1 muy orgullosa de Vicu\u00f1a. \u201cAcababa de ganar, es un premio recontra merecido, un personaje que arras\u00f3 con todo en el coraz\u00f3n de la gente, as\u00ed que yo lo daba por favorito y casi seguro que se iba a llevar la estatuilla del Martin Fierro\u201d, se\u00f1al\u00f3.<\/p>\n","protected":false},"excerpt":{"rendered":"<p>La modelo habl\u00f3 del revuelo que gener\u00f3 la frase que dijo su expareja y padre de sus cuatro hijos cuando recibi\u00f3 su galard\u00f3n en la premiaci\u00f3n. Pampita y Benjamin Vicu\u00f1a&hellip; <\/p>\n","protected":false},"author":8,"featured_media":73067,"comment_status":"closed","ping_status":"open","sticky":false,"template":"","format":"standard","meta":{"footnotes":""},"categories":[19],"tags":[],"class_list":["post-73066","post","type-post","status-publish","format-standard","has-post-thumbnail","hentry","category-espectaculos"],"_links":{"self":[{"href":"https:\/\/corrientesdetarde.com\/index.php\/wp-json\/wp\/v2\/posts\/73066","targetHints":{"allow":["GET"]}}],"collection":[{"href":"https:\/\/corrientesdetarde.com\/index.php\/wp-json\/wp\/v2\/posts"}],"about":[{"href":"https:\/\/corrientesdetarde.com\/index.php\/wp-json\/wp\/v2\/types\/post"}],"author":[{"embeddable":true,"href":"https:\/\/corrientesdetarde.com\/index.php\/wp-json\/wp\/v2\/users\/8"}],"replies":[{"embeddable":true,"href":"https:\/\/corrientesdetarde.com\/index.php\/wp-json\/wp\/v2\/comments?post=73066"}],"version-history":[{"count":1,"href":"https:\/\/corrientesdetarde.com\/index.php\/wp-json\/wp\/v2\/posts\/73066\/revisions"}],"predecessor-version":[{"id":73068,"href":"https:\/\/corrientesdetarde.com\/index.php\/wp-json\/wp\/v2\/posts\/73066\/revisions\/73068"}],"wp:featuredmedia":[{"embeddable":true,"href":"https:\/\/corrientesdetarde.com\/index.php\/wp-json\/wp\/v2\/media\/73067"}],"wp:attachment":[{"href":"https:\/\/corrientesdetarde.com\/index.php\/wp-json\/wp\/v2\/media?parent=73066"}],"wp:term":[{"taxonomy":"category","embeddable":true,"href":"https:\/\/corrientesdetarde.com\/index.php\/wp-json\/wp\/v2\/categories?post=73066"},{"taxonomy":"post_tag","embeddable":true,"href":"https:\/\/corrientesdetarde.com\/index.php\/wp-json\/wp\/v2\/tags?post=73066"}],"curies":[{"name":"wp","href":"https:\/\/api.w.org\/{rel}","templated":true}]}}