{"id":73069,"date":"2023-07-11T16:23:27","date_gmt":"2023-07-11T19:23:27","guid":{"rendered":"https:\/\/corrientesdetarde.com\/?p=73069"},"modified":"2023-07-11T16:23:31","modified_gmt":"2023-07-11T19:23:31","slug":"rock-y-democracia-investigaciones-cientificas-talleres-y-colecciones-se-presentan-en-la-sexta-jornada-de-la-xiii-feria-provincial-del-libro","status":"publish","type":"post","link":"https:\/\/corrientesdetarde.com\/index.php\/cultura\/rock-y-democracia-investigaciones-cientificas-talleres-y-colecciones-se-presentan-en-la-sexta-jornada-de-la-xiii-feria-provincial-del-libro\/","title":{"rendered":"Rock y democracia, investigaciones cient\u00edficas, talleres y colecciones se presentan en la sexta jornada de la XIII Feria Provincial del Libro"},"content":{"rendered":"\n<p>Desde las 14 y hasta las 22 abre sus puertas la Ex Usina para recibir a la comunidad en la sexta jornada de la XIII Feria Provincial del Libro que organiza el Gobierno de Corrientes, a trav\u00e9s del Instituto de Cultura de Corrientes, y que proseguir\u00e1 hasta el domingo 16 de julio bajo el lema \u201c40 a\u00f1os de democracia, siempre\u201d.<\/p>\n\n\n\n<p>Dos talleres tendr\u00e1n lugar en la feria, uno sobre composici\u00f3n de rimas vinculado al rap, por Gonzalo Ben\u00edtez, mientras el taller \u201cSubirle el volumen al miedo\u201d de Emmanuel Sticchi tendr\u00e1 su cierre, de 16 a 18. Editorial D tendr\u00e1 varios de sus autores presentando novedades editoriales, a la vez que se destacan los t\u00edtulos que presentar\u00e1n editorial Eudene y el IIGHI Conicet. Moglia Ediciones presenta dos t\u00edtulos de la colecci\u00f3n B\u00faho dirigida por Eugenio Led, donde las letras se cruzan con intervenciones de ilustradores y artistas de Corrientes.<\/p>\n\n\n\n<p>En el escenario \u201cDiana Sacay\u00e1n-Lohana Berkins\u201d se conjugar\u00e1n la m\u00fasica y la danza, primero con el coro y orquesta municipales \u201cHerminio Gim\u00e9nez\u201d en un ensamble con Emilio Aguilera como invitado especial, y luego con el ballet de c\u00e1mara municipal, bajo direcci\u00f3n de Ram\u00f3n S\u00e1nchez. Las Guitarras Gualeyas llegan desde Entre Rios para presentar un homenaje a Abelardo Dimotta para dar paso a la charla y concierto \u201cEl rol de la m\u00fasica en la recuperaci\u00f3n democr\u00e1tica\u201d por Liliana y Lito Vitale, Lito Nebbia y Alberto Felici con Magma.<\/p>\n\n\n\n<p>La charla y concierto girar\u00e1n en torno al rol del movimiento musical independiente promovidos por MIA (M\u00fasicos Independientes asociados); AMA (Alternativa Musical Argentina) y Melopea, durante la dictadura militar y en el proceso de recuperaci\u00f3n democr\u00e1tica. Los artistas y la m\u00fasica, fueron una ayuda para entender lo que iba sucediendo, para ponerle nombre a las cosas que ocurr\u00edan en esa \u00e9poca, en la que una casi inagotable lista de melod\u00edas, de sonidos y artistas fueron clave en organizar el discurso y el sentir de esos tiempos.<\/p>\n\n\n\n<p><strong>Apertura de la semana<\/strong><\/p>\n\n\n\n<p>Promediando la cuarta jornada de la XIII Feria provincial del libro en la Ex Usina, el sector editorial tuvo su punto de encuentro directo con el p\u00fablico, con ventas de $1.600.000, totalizando a la fecha 6 millones de pesos en ventas de libros y productos afines. La feria recibi\u00f3 el lunes a 7000 personas, sumando 30.000 visitantes, que pese al paro, han llegado a disfrutar de la propuesta del Instituto de Cultura de Corrientes, organizada por el Gobierno de la provincia.<\/p>\n\n\n\n<p>En cuanto a actividades en feria el lunes, la asociaci\u00f3n de contenidos audiovisuales \u00d1ande Yvy present\u00f3 un dossier sobre pel\u00edculas filmadas en Corrientes, en tanto que la educaci\u00f3n Montessori fue expuesta por Patricia Ojeda a sala llena, a la vez que el ciclo Fusionados de los talleres \u201cKoey\u00fa\u201d y \u201cQueseraye\u201d del CCU UNNE tuvo su ronda de lecturas. Angela Pradelli dict\u00f3 un taller de lecto escritura con buena audiencia.<\/p>\n\n\n\n<p>La charla \u201cMujeres que hacen libros\u201d propuesta por el Centro Cultural Universitario dependiente de la UNNE trajo a Patricia Piccolini para relatar los procesos involucrados en la edici\u00f3n de libros, en el marco del Premio UNNE a las Letras 2023. La actual coordinadora del Centro Cultural Universitario de la Secretar\u00eda General de Extensi\u00f3n Universitaria de la UNNE, Maia Eirin,&nbsp;otrora organizadora de la feria del libro durante 12 a\u00f1os para el Instituto de Cultura de Corrientes,&nbsp;es tambi\u00e9n docente y gestora cultural.<\/p>\n\n\n\n<p>Otro hito de la jornada se dio con la presentaci\u00f3n, a cargo de Gabriel Romero, del libro \u201cInstituto de Cultura del Gobierno de Corrientes. Una experiencia de gesti\u00f3n (2009-2022)\u201d, una obra que recorre la actividad cultural en la provincia desde el 2009 al 2022, e intenta realizar una revisi\u00f3n de las acciones y profundizaci\u00f3n de la pol\u00edtica p\u00fablica en el campo de la gesti\u00f3n cultural p\u00fablica. El libro fue editado por Eudeba, y la presentaci\u00f3n cont\u00f3 con la presencia de gestores culturales que hicieron su aporte en la publicaci\u00f3n.<\/p>\n\n\n\n<p>Promediando la noche del lunes, Emilio Karothy present\u00f3 su libro \u201cMusiCasos\u201d por Moglia Ediciones, aportando la cuota de m\u00fasica en vivo junto a integrantes de La Murga, mientras que Javier Lezcano present\u00f3 su proyecto Litoral House, para dar paso a la banda Susceptibles.<\/p>\n\n\n\n<p><strong>Programaci\u00f3n Mi\u00e9rcoles 12 de julio<\/strong><\/p>\n\n\n\n<p><strong>Auditorio Griselda Gambaro<\/strong><\/p>\n\n\n\n<p>14 hs. Taller Fictio &#8220;Juglares de esta \u00c9poca&#8221;.<\/p>\n\n\n\n<p>15 hs. Gustavo Azula \u201cCuentos de ac\u00e1 Cerquita\u201d. Editorial Tinta Libre.<\/p>\n\n\n\n<p>15.30 hs. B\u00e1rbara Elina Antonini presenta varios t\u00edtulos Editorial D<\/p>\n\n\n\n<p>16 a 18 hs. Auditorio B. Taller \u201cSubirle el volumen al miedo\u201d por Emmanuel Sticchi.<\/p>\n\n\n\n<p><strong>Auditorio 1983<\/strong><\/p>\n\n\n\n<p>16 hs. Tamara Daiana Alegre &#8221; La etnograf\u00eda es tambi\u00e9n cosa de chicos. Trabajos de campo y publicaci\u00f3n de resultados de etnograf\u00edas con ni\u00f1os, ni\u00f1as y j\u00f3venes&#8221;<\/p>\n\n\n\n<p>16.30 hs. Avelino Nu\u00f1ez presenta &#8220;Mitolog\u00eda guaran\u00ed&#8221; y Prinsipe &#8216;Imi. Editorial D<\/p>\n\n\n\n<p>17 hs. Eudene|Presentaci\u00f3n &#8220;Del contrato social al contrato sexual. El debate de los sexos en el siglo XVIII&#8221; de Anal\u00eda Silvia Garc\u00eda y Jos\u00e9 Antonio Meza.<\/p>\n\n\n\n<p>17.30 hs. Eudene |&#8221;Tras la huellas del ganado en la provincia de Corrientes. De las Misiones Jesu\u00edticas de guaran\u00edes a nuestros d\u00edas&#8221; por Ronald David Isler Duprat. Presenta Mariana Giordano<\/p>\n\n\n\n<p>18 hs. IIGHI Conicet. \u201cViolencias pol\u00edticas del pasado reciente\u201d de Maria del Mar Sol\u00eds Carnicer y Daniel Chao. Editorial Teseo.Modera: Guadalupe Arqueros<\/p>\n\n\n\n<p>18.30 hs. Iliana Romero presenta &#8220;Los colores de la palabra&#8221; Editorial D<\/p>\n\n\n\n<p>19 hs. Colecci\u00f3n B\u00faho. Presentaci\u00f3n de los libros &#8220;G\u00e9rmenes del fuego eterno&#8221; de Esteban G\u00f3mez y Nicol\u00e1s Toledo y &#8220;Bi\u00f3sfera&#8221; de Jos\u00e9 Mizdraji y Rosal\u00eda Montenegro. Direcci\u00f3n: Eugenio Led.Editorial Moglia.<\/p>\n\n\n\n<p><strong>Escenario Diana Sacay\u00e1n &#8211; Lohana Berkins<\/strong><\/p>\n\n\n\n<p>18 hs. Concierto \u201cEncuentro y Fusi\u00f3n\u201d Orquesta y Coro Herminio Gim\u00e9nez. Ensamble Musical. Invitado: Emilio Aguilera | Dirige: Diego G\u00f3mez Dabrio<\/p>\n\n\n\n<p>18.30 hs. Ballet de C\u00e1mara Municipal. Obra &#8220;Danza de los esp\u00edritus&#8221;. Director Ram\u00f3n S\u00e1nchez.<\/p>\n\n\n\n<p>19 hs. Guitarras Gualeyas presenta \u201cAbelardo Dimotta. Sentimiento de un Entrerriano\u201d<\/p>\n\n\n\n<p>20 hs. Charla\/Concierto \u201cEl rol de la m\u00fasica en la recuperaci\u00f3n democr\u00e1tica\u201d\/Por Lito y Liliana Vitale x MIA + Litto Nebbia x Melopea Discos + Alberto Felici y Magma x AMA.<\/p>\n\n\n\n<p><strong>+ Info<\/strong><\/p>\n\n\n\n<p>Instagram\/ferialibrocorrientes<\/p>\n\n\n\n<figure class=\"wp-block-image size-large\"><img loading=\"lazy\" decoding=\"async\" width=\"576\" height=\"1024\" src=\"https:\/\/corrientesdetarde.com\/wp-content\/uploads\/2023\/07\/image-359-576x1024.png\" alt=\"\" class=\"wp-image-73070\" srcset=\"https:\/\/corrientesdetarde.com\/wp-content\/uploads\/2023\/07\/image-359-576x1024.png 576w, https:\/\/corrientesdetarde.com\/wp-content\/uploads\/2023\/07\/image-359-169x300.png 169w, https:\/\/corrientesdetarde.com\/wp-content\/uploads\/2023\/07\/image-359-768x1365.png 768w, https:\/\/corrientesdetarde.com\/wp-content\/uploads\/2023\/07\/image-359-864x1536.png 864w, https:\/\/corrientesdetarde.com\/wp-content\/uploads\/2023\/07\/image-359.png 1080w\" sizes=\"auto, (max-width: 576px) 100vw, 576px\" \/><\/figure>\n\n\n\n<figure class=\"wp-block-image size-large\"><img loading=\"lazy\" decoding=\"async\" width=\"576\" height=\"1024\" src=\"https:\/\/corrientesdetarde.com\/wp-content\/uploads\/2023\/07\/image-360-576x1024.png\" alt=\"\" class=\"wp-image-73071\" srcset=\"https:\/\/corrientesdetarde.com\/wp-content\/uploads\/2023\/07\/image-360-576x1024.png 576w, https:\/\/corrientesdetarde.com\/wp-content\/uploads\/2023\/07\/image-360-169x300.png 169w, https:\/\/corrientesdetarde.com\/wp-content\/uploads\/2023\/07\/image-360-768x1365.png 768w, https:\/\/corrientesdetarde.com\/wp-content\/uploads\/2023\/07\/image-360-864x1536.png 864w, https:\/\/corrientesdetarde.com\/wp-content\/uploads\/2023\/07\/image-360.png 1080w\" sizes=\"auto, (max-width: 576px) 100vw, 576px\" \/><\/figure>\n\n\n\n<figure class=\"wp-block-image size-large\"><img loading=\"lazy\" decoding=\"async\" width=\"576\" height=\"1024\" src=\"https:\/\/corrientesdetarde.com\/wp-content\/uploads\/2023\/07\/image-361-576x1024.png\" alt=\"\" class=\"wp-image-73072\" srcset=\"https:\/\/corrientesdetarde.com\/wp-content\/uploads\/2023\/07\/image-361-576x1024.png 576w, https:\/\/corrientesdetarde.com\/wp-content\/uploads\/2023\/07\/image-361-169x300.png 169w, https:\/\/corrientesdetarde.com\/wp-content\/uploads\/2023\/07\/image-361-768x1365.png 768w, https:\/\/corrientesdetarde.com\/wp-content\/uploads\/2023\/07\/image-361-864x1536.png 864w, https:\/\/corrientesdetarde.com\/wp-content\/uploads\/2023\/07\/image-361.png 1080w\" sizes=\"auto, (max-width: 576px) 100vw, 576px\" \/><\/figure>\n\n\n\n<figure class=\"wp-block-image size-large\"><img loading=\"lazy\" decoding=\"async\" width=\"576\" height=\"1024\" src=\"https:\/\/corrientesdetarde.com\/wp-content\/uploads\/2023\/07\/image-362-576x1024.png\" alt=\"\" class=\"wp-image-73073\" srcset=\"https:\/\/corrientesdetarde.com\/wp-content\/uploads\/2023\/07\/image-362-576x1024.png 576w, https:\/\/corrientesdetarde.com\/wp-content\/uploads\/2023\/07\/image-362-169x300.png 169w, https:\/\/corrientesdetarde.com\/wp-content\/uploads\/2023\/07\/image-362-768x1365.png 768w, https:\/\/corrientesdetarde.com\/wp-content\/uploads\/2023\/07\/image-362-864x1536.png 864w, https:\/\/corrientesdetarde.com\/wp-content\/uploads\/2023\/07\/image-362.png 1080w\" sizes=\"auto, (max-width: 576px) 100vw, 576px\" \/><\/figure>\n\n\n\n<figure class=\"wp-block-image size-large\"><img loading=\"lazy\" decoding=\"async\" width=\"819\" height=\"1024\" src=\"https:\/\/corrientesdetarde.com\/wp-content\/uploads\/2023\/07\/image-363-819x1024.png\" alt=\"\" class=\"wp-image-73074\" srcset=\"https:\/\/corrientesdetarde.com\/wp-content\/uploads\/2023\/07\/image-363-819x1024.png 819w, https:\/\/corrientesdetarde.com\/wp-content\/uploads\/2023\/07\/image-363-240x300.png 240w, https:\/\/corrientesdetarde.com\/wp-content\/uploads\/2023\/07\/image-363-768x960.png 768w, https:\/\/corrientesdetarde.com\/wp-content\/uploads\/2023\/07\/image-363.png 1080w\" sizes=\"auto, (max-width: 819px) 100vw, 819px\" \/><\/figure>\n\n\n\n<figure class=\"wp-block-image size-large\"><img loading=\"lazy\" decoding=\"async\" width=\"819\" height=\"1024\" src=\"https:\/\/corrientesdetarde.com\/wp-content\/uploads\/2023\/07\/image-364-819x1024.png\" alt=\"\" class=\"wp-image-73075\" srcset=\"https:\/\/corrientesdetarde.com\/wp-content\/uploads\/2023\/07\/image-364-819x1024.png 819w, https:\/\/corrientesdetarde.com\/wp-content\/uploads\/2023\/07\/image-364-240x300.png 240w, https:\/\/corrientesdetarde.com\/wp-content\/uploads\/2023\/07\/image-364-768x960.png 768w, https:\/\/corrientesdetarde.com\/wp-content\/uploads\/2023\/07\/image-364.png 1080w\" sizes=\"auto, (max-width: 819px) 100vw, 819px\" \/><\/figure>\n\n\n\n<figure class=\"wp-block-image size-large\"><img loading=\"lazy\" decoding=\"async\" width=\"819\" height=\"1024\" src=\"https:\/\/corrientesdetarde.com\/wp-content\/uploads\/2023\/07\/image-365-819x1024.png\" alt=\"\" class=\"wp-image-73076\" srcset=\"https:\/\/corrientesdetarde.com\/wp-content\/uploads\/2023\/07\/image-365-819x1024.png 819w, https:\/\/corrientesdetarde.com\/wp-content\/uploads\/2023\/07\/image-365-240x300.png 240w, https:\/\/corrientesdetarde.com\/wp-content\/uploads\/2023\/07\/image-365-768x960.png 768w, https:\/\/corrientesdetarde.com\/wp-content\/uploads\/2023\/07\/image-365.png 1080w\" sizes=\"auto, (max-width: 819px) 100vw, 819px\" \/><\/figure>\n\n\n\n<figure class=\"wp-block-image size-large\"><img loading=\"lazy\" decoding=\"async\" width=\"819\" height=\"1024\" src=\"https:\/\/corrientesdetarde.com\/wp-content\/uploads\/2023\/07\/image-366-819x1024.png\" alt=\"\" class=\"wp-image-73077\" srcset=\"https:\/\/corrientesdetarde.com\/wp-content\/uploads\/2023\/07\/image-366-819x1024.png 819w, https:\/\/corrientesdetarde.com\/wp-content\/uploads\/2023\/07\/image-366-240x300.png 240w, https:\/\/corrientesdetarde.com\/wp-content\/uploads\/2023\/07\/image-366-768x960.png 768w, https:\/\/corrientesdetarde.com\/wp-content\/uploads\/2023\/07\/image-366.png 1080w\" sizes=\"auto, (max-width: 819px) 100vw, 819px\" \/><\/figure>\n\n\n\n<figure class=\"wp-block-image size-large\"><img loading=\"lazy\" decoding=\"async\" width=\"819\" height=\"1024\" src=\"https:\/\/corrientesdetarde.com\/wp-content\/uploads\/2023\/07\/image-367-819x1024.png\" alt=\"\" class=\"wp-image-73078\" srcset=\"https:\/\/corrientesdetarde.com\/wp-content\/uploads\/2023\/07\/image-367-819x1024.png 819w, https:\/\/corrientesdetarde.com\/wp-content\/uploads\/2023\/07\/image-367-240x300.png 240w, https:\/\/corrientesdetarde.com\/wp-content\/uploads\/2023\/07\/image-367-768x960.png 768w, https:\/\/corrientesdetarde.com\/wp-content\/uploads\/2023\/07\/image-367.png 1080w\" sizes=\"auto, (max-width: 819px) 100vw, 819px\" \/><\/figure>\n\n\n\n<figure class=\"wp-block-image size-large\"><img loading=\"lazy\" decoding=\"async\" width=\"576\" height=\"1024\" src=\"https:\/\/corrientesdetarde.com\/wp-content\/uploads\/2023\/07\/image-368-576x1024.png\" alt=\"\" class=\"wp-image-73079\" srcset=\"https:\/\/corrientesdetarde.com\/wp-content\/uploads\/2023\/07\/image-368-576x1024.png 576w, https:\/\/corrientesdetarde.com\/wp-content\/uploads\/2023\/07\/image-368-169x300.png 169w, https:\/\/corrientesdetarde.com\/wp-content\/uploads\/2023\/07\/image-368-768x1365.png 768w, https:\/\/corrientesdetarde.com\/wp-content\/uploads\/2023\/07\/image-368-864x1536.png 864w, https:\/\/corrientesdetarde.com\/wp-content\/uploads\/2023\/07\/image-368.png 1080w\" sizes=\"auto, (max-width: 576px) 100vw, 576px\" \/><\/figure>\n","protected":false},"excerpt":{"rendered":"<p>Desde las 14 y hasta las 22 abre sus puertas la Ex Usina para recibir a la comunidad en la sexta jornada de la XIII Feria Provincial del Libro que&hellip; <\/p>\n","protected":false},"author":8,"featured_media":73070,"comment_status":"closed","ping_status":"open","sticky":false,"template":"","format":"standard","meta":{"footnotes":""},"categories":[15],"tags":[],"class_list":["post-73069","post","type-post","status-publish","format-standard","has-post-thumbnail","hentry","category-cultura"],"_links":{"self":[{"href":"https:\/\/corrientesdetarde.com\/index.php\/wp-json\/wp\/v2\/posts\/73069","targetHints":{"allow":["GET"]}}],"collection":[{"href":"https:\/\/corrientesdetarde.com\/index.php\/wp-json\/wp\/v2\/posts"}],"about":[{"href":"https:\/\/corrientesdetarde.com\/index.php\/wp-json\/wp\/v2\/types\/post"}],"author":[{"embeddable":true,"href":"https:\/\/corrientesdetarde.com\/index.php\/wp-json\/wp\/v2\/users\/8"}],"replies":[{"embeddable":true,"href":"https:\/\/corrientesdetarde.com\/index.php\/wp-json\/wp\/v2\/comments?post=73069"}],"version-history":[{"count":1,"href":"https:\/\/corrientesdetarde.com\/index.php\/wp-json\/wp\/v2\/posts\/73069\/revisions"}],"predecessor-version":[{"id":73080,"href":"https:\/\/corrientesdetarde.com\/index.php\/wp-json\/wp\/v2\/posts\/73069\/revisions\/73080"}],"wp:featuredmedia":[{"embeddable":true,"href":"https:\/\/corrientesdetarde.com\/index.php\/wp-json\/wp\/v2\/media\/73070"}],"wp:attachment":[{"href":"https:\/\/corrientesdetarde.com\/index.php\/wp-json\/wp\/v2\/media?parent=73069"}],"wp:term":[{"taxonomy":"category","embeddable":true,"href":"https:\/\/corrientesdetarde.com\/index.php\/wp-json\/wp\/v2\/categories?post=73069"},{"taxonomy":"post_tag","embeddable":true,"href":"https:\/\/corrientesdetarde.com\/index.php\/wp-json\/wp\/v2\/tags?post=73069"}],"curies":[{"name":"wp","href":"https:\/\/api.w.org\/{rel}","templated":true}]}}