{"id":73107,"date":"2023-07-11T16:52:03","date_gmt":"2023-07-11T19:52:03","guid":{"rendered":"https:\/\/corrientesdetarde.com\/?p=73107"},"modified":"2023-07-11T16:52:07","modified_gmt":"2023-07-11T19:52:07","slug":"se-levanto-el-paro-de-colectivos-en-corrientes","status":"publish","type":"post","link":"https:\/\/corrientesdetarde.com\/index.php\/locales\/se-levanto-el-paro-de-colectivos-en-corrientes\/","title":{"rendered":"Se levant\u00f3 el paro de colectivos en Corrientes"},"content":{"rendered":"\n<p>Desde la Uni\u00f3n Tranviarios Automotor informaron que este martes se levant\u00f3 el paro de colectivos de corta y media distancia que se llevaba adelante desde el viernes.\u00a0<\/p>\n\n\n\n<p>Despu\u00e9s de cinco d\u00edas la UTA informo esta nueva desici\u00f3n. <\/p>\n","protected":false},"excerpt":{"rendered":"<p>Desde la Uni\u00f3n Tranviarios Automotor informaron que este martes se levant\u00f3 el paro de colectivos de corta y media distancia que se llevaba adelante desde el viernes.\u00a0 Despu\u00e9s de cinco&hellip; <\/p>\n","protected":false},"author":8,"featured_media":73108,"comment_status":"closed","ping_status":"open","sticky":false,"template":"","format":"standard","meta":{"footnotes":""},"categories":[26,8],"tags":[],"class_list":["post-73107","post","type-post","status-publish","format-standard","has-post-thumbnail","hentry","category-destacados","category-locales"],"_links":{"self":[{"href":"https:\/\/corrientesdetarde.com\/index.php\/wp-json\/wp\/v2\/posts\/73107","targetHints":{"allow":["GET"]}}],"collection":[{"href":"https:\/\/corrientesdetarde.com\/index.php\/wp-json\/wp\/v2\/posts"}],"about":[{"href":"https:\/\/corrientesdetarde.com\/index.php\/wp-json\/wp\/v2\/types\/post"}],"author":[{"embeddable":true,"href":"https:\/\/corrientesdetarde.com\/index.php\/wp-json\/wp\/v2\/users\/8"}],"replies":[{"embeddable":true,"href":"https:\/\/corrientesdetarde.com\/index.php\/wp-json\/wp\/v2\/comments?post=73107"}],"version-history":[{"count":1,"href":"https:\/\/corrientesdetarde.com\/index.php\/wp-json\/wp\/v2\/posts\/73107\/revisions"}],"predecessor-version":[{"id":73109,"href":"https:\/\/corrientesdetarde.com\/index.php\/wp-json\/wp\/v2\/posts\/73107\/revisions\/73109"}],"wp:featuredmedia":[{"embeddable":true,"href":"https:\/\/corrientesdetarde.com\/index.php\/wp-json\/wp\/v2\/media\/73108"}],"wp:attachment":[{"href":"https:\/\/corrientesdetarde.com\/index.php\/wp-json\/wp\/v2\/media?parent=73107"}],"wp:term":[{"taxonomy":"category","embeddable":true,"href":"https:\/\/corrientesdetarde.com\/index.php\/wp-json\/wp\/v2\/categories?post=73107"},{"taxonomy":"post_tag","embeddable":true,"href":"https:\/\/corrientesdetarde.com\/index.php\/wp-json\/wp\/v2\/tags?post=73107"}],"curies":[{"name":"wp","href":"https:\/\/api.w.org\/{rel}","templated":true}]}}