{"id":73110,"date":"2023-07-11T17:09:27","date_gmt":"2023-07-11T20:09:27","guid":{"rendered":"https:\/\/corrientesdetarde.com\/?p=73110"},"modified":"2023-07-11T17:14:37","modified_gmt":"2023-07-11T20:14:37","slug":"sigue-la-campana-loca-axel-vs-mariu","status":"publish","type":"post","link":"https:\/\/corrientesdetarde.com\/index.php\/nacionales\/sigue-la-campana-loca-axel-vs-mariu\/","title":{"rendered":"SIGUE LA CAMPA\u00d1A LOCA: AXEL VS MARIU"},"content":{"rendered":"\n<p>(Pablo Roma, Buenos Aires) La ex gobernadora Maria Eugenia Videal no es candidata en ninguna jurisdicci\u00f3n, pero a\u00fan as\u00ed habl\u00f3 del escenario electoral de la Provincia y adem\u00e1s de elogiar su propia gesti\u00f3n, critic\u00f3 duramente al actual mandatario Axel Kicillof quien le respondi\u00f3 duramente.<\/p>\n\n\n\n<p>La legisladora por la ciudad de Buenos Aires comparti\u00f3 una larga reflexi\u00f3n en sus redes sociales d\u00f3nde habl\u00f3 de lo que consider\u00f3 los logros de su gesti\u00f3n en la Provincia, de cuando era \u201corgullosamente bonaerense\u201d y al mismo tiempo enumer\u00f3 los supuestos \u201cfracasos K de Kicillof\u201d.<\/p>\n\n\n\n<figure class=\"wp-block-image size-full\"><img loading=\"lazy\" decoding=\"async\" width=\"634\" height=\"403\" src=\"https:\/\/corrientesdetarde.com\/wp-content\/uploads\/2023\/07\/VIDAL-TWIT.jpg\" alt=\"\" class=\"wp-image-73117\" srcset=\"https:\/\/corrientesdetarde.com\/wp-content\/uploads\/2023\/07\/VIDAL-TWIT.jpg 634w, https:\/\/corrientesdetarde.com\/wp-content\/uploads\/2023\/07\/VIDAL-TWIT-300x191.jpg 300w\" sizes=\"auto, (max-width: 634px) 100vw, 634px\" \/><\/figure>\n\n\n\n<p>\u201cDuele ver a una provincia con tantas oportunidades y recursos como Buenos Aires tan maltratada por la gesti\u00f3n del gobernador actual\u201d, comenz\u00f3 Vidal. \u201cY duele todav\u00eda m\u00e1s ver c\u00f3mo tantos logros de nuestro gobierno fueron pisoteados por el kirchnerismo durante estos \u00faltimos 4 a\u00f1os\u201d, a\u00f1adi\u00f3 enseguida.<\/p>\n\n\n\n<p>La ex mandataria bonaerense sostuvo que su administraci\u00f3n, se mejor\u00f3 \u201cel nivel educativo (como se puede ver en los resultados en las pruebas Aprender 2019)\u201d, se hicieron \u201cm\u00e1s de 8.500 obras e intervenciones en escuelas\u201d, \u201cpromovieron el presentismo\u201d y potenciaron \u201cla formaci\u00f3n docente continua\u201d.<\/p>\n\n\n\n<figure class=\"wp-block-embed is-type-video is-provider-youtube wp-block-embed-youtube wp-embed-aspect-16-9 wp-has-aspect-ratio\"><div class=\"wp-block-embed__wrapper\">\n<iframe loading=\"lazy\" title=\"CAMPA\u00d1A LOCA MARIU VS AXEL\" width=\"1110\" height=\"624\" src=\"https:\/\/www.youtube.com\/embed\/GeYY2G0M5ws?feature=oembed\" frameborder=\"0\" allow=\"accelerometer; autoplay; clipboard-write; encrypted-media; gyroscope; picture-in-picture; web-share\" allowfullscreen><\/iframe>\n<\/div><\/figure>\n\n\n\n<p>En pocas horas, le sali\u00f3 al cruce el actual gobernador y asest\u00f3 que &#8220;nos dej\u00f3 una provincia tremendamente endeudada con 7 mil millones de d\u00f3lares que tom\u00f3 Vidal cen Wall Street con lo cual deber\u00e1 explicarnos a todos los bonaerenses qu\u00e9 hizo con ese dinero&#8221;.<\/p>\n\n\n\n<p>Record\u00f3 que mientras viv\u00eda en una base militar a la que se mud\u00f3 por motivos familiares, solamente ven\u00eda a la casa de gobierno una vez por sena a trabajar.<\/p>\n\n\n\n<p>&#8221;Vidal no viv\u00eda en La Plata y ven\u00eda una vez por semana. Nosotros hicimos pr\u00e1cticamente el doble de escuelas que Vidal. Ellos dec\u00edan que hab\u00eda demasiadas universidades&#8221;, se\u00f1al\u00f3 Kicillof. Y agreg\u00f3 a modo de chicana que &#8220;si en Juntos por el Cambio son unos genios de la educaci\u00f3n y la salud, \u00bfpor qu\u00e9 no hicieron nada?&#8221;<\/p>\n\n\n\n<p>Como contracara, expuso que &#8221;cuando gobernaba Scioli el Gobierno nacional ten\u00eda pol\u00edtica de infraestructura muy fuerte&#8221;. &#8220;La derecha tiene muchos candidatos, pero un solo proyecto: el ajuste.&#8221;La ideolog\u00eda de la derecha te hace creer que no te mereces los derechos&#8221;, sentenci\u00f3 Kicillof.<\/p>\n\n\n\n<p><\/p>\n","protected":false},"excerpt":{"rendered":"<p>(Pablo Roma, Buenos Aires) La ex gobernadora Maria Eugenia Videal no es candidata en ninguna jurisdicci\u00f3n, pero a\u00fan as\u00ed habl\u00f3 del escenario electoral de la Provincia y adem\u00e1s de elogiar&hellip; <\/p>\n","protected":false},"author":11,"featured_media":73114,"comment_status":"closed","ping_status":"open","sticky":false,"template":"","format":"standard","meta":{"footnotes":""},"categories":[10],"tags":[160,466],"class_list":["post-73110","post","type-post","status-publish","format-standard","has-post-thumbnail","hentry","category-nacionales","tag-kicillof","tag-vidal"],"_links":{"self":[{"href":"https:\/\/corrientesdetarde.com\/index.php\/wp-json\/wp\/v2\/posts\/73110","targetHints":{"allow":["GET"]}}],"collection":[{"href":"https:\/\/corrientesdetarde.com\/index.php\/wp-json\/wp\/v2\/posts"}],"about":[{"href":"https:\/\/corrientesdetarde.com\/index.php\/wp-json\/wp\/v2\/types\/post"}],"author":[{"embeddable":true,"href":"https:\/\/corrientesdetarde.com\/index.php\/wp-json\/wp\/v2\/users\/11"}],"replies":[{"embeddable":true,"href":"https:\/\/corrientesdetarde.com\/index.php\/wp-json\/wp\/v2\/comments?post=73110"}],"version-history":[{"count":2,"href":"https:\/\/corrientesdetarde.com\/index.php\/wp-json\/wp\/v2\/posts\/73110\/revisions"}],"predecessor-version":[{"id":73118,"href":"https:\/\/corrientesdetarde.com\/index.php\/wp-json\/wp\/v2\/posts\/73110\/revisions\/73118"}],"wp:featuredmedia":[{"embeddable":true,"href":"https:\/\/corrientesdetarde.com\/index.php\/wp-json\/wp\/v2\/media\/73114"}],"wp:attachment":[{"href":"https:\/\/corrientesdetarde.com\/index.php\/wp-json\/wp\/v2\/media?parent=73110"}],"wp:term":[{"taxonomy":"category","embeddable":true,"href":"https:\/\/corrientesdetarde.com\/index.php\/wp-json\/wp\/v2\/categories?post=73110"},{"taxonomy":"post_tag","embeddable":true,"href":"https:\/\/corrientesdetarde.com\/index.php\/wp-json\/wp\/v2\/tags?post=73110"}],"curies":[{"name":"wp","href":"https:\/\/api.w.org\/{rel}","templated":true}]}}