{"id":73111,"date":"2023-07-11T17:05:36","date_gmt":"2023-07-11T20:05:36","guid":{"rendered":"https:\/\/corrientesdetarde.com\/?p=73111"},"modified":"2023-07-11T17:05:58","modified_gmt":"2023-07-11T20:05:58","slug":"la-otan-postergo-la-definicion-sobre-el-ingreso-de-ucrania-a-la-alianza-no-es-el-momento","status":"publish","type":"post","link":"https:\/\/corrientesdetarde.com\/index.php\/internacionales\/la-otan-postergo-la-definicion-sobre-el-ingreso-de-ucrania-a-la-alianza-no-es-el-momento\/","title":{"rendered":"La OTAN posterg\u00f3 la definici\u00f3n sobre el ingreso de Ucrania a la alianza: \u201cNo es el momento\u201d"},"content":{"rendered":"\n<p>La alianza atl\u00e1ntica condicion\u00f3 la incorporaci\u00f3n de Kiev, aunque le allan\u00f3 el camino. El presidente ucraniano, Volodimir Zelenski, pidi\u00f3 seguridad para afrontar la guerra con Rusia.<\/p>\n\n\n\n<p>En el inicio de la\u00a0cumbre de OTAN \u00a0en Vilna, Lituania, su secretario general,\u00a0<strong>Jens Stoltenberg<\/strong>, anunci\u00f3 este martes que los l\u00edderes del pacto militar invitar\u00e1n a Ucrania a convertirse en miembro de la organizaci\u00f3n transatl\u00e1ntica cuando los aliados as\u00ed lo acuerden y Kiev cumpla las condiciones.<\/p>\n\n\n\n<p>\u201cMientras siga la guerra,&nbsp;<strong>no es el momento para convertir a Ucrania en pleno miembro de la Alianza\u201d,&nbsp;<\/strong>sostuvo.<\/p>\n\n\n\n<p>El bloque \u201cemitir\u00e1 la invitaci\u00f3n cuando los aliados lo acuerden y se cumplan las condiciones\u201d necesarias para el ingreso de Kiev en la organizaci\u00f3n transatl\u00e1ntica, dijo el pol\u00edtico noruego en una rueda de prensa, tirando hacia adelante la pelota que Ucrania puso en campo del bloque con su pedido de incorporaci\u00f3n inmediata.<\/p>\n\n\n\n<p>En la reuni\u00f3n, los l\u00edderes del pacto militar aprobaron adem\u00e1s una \u201c<strong>nueva generaci\u00f3n<\/strong>\u201d de aviones de defensa regionales que permitir\u00e1n actuar r\u00e1pidamente \u201ca cualquier aliado que se vea amenazado\u201d.<\/p>\n\n\n\n<p>En tanto, el presidente ucraniano,&nbsp;<strong>Volod\u00edmir Zelenski<\/strong>, habl\u00f3 ante una multitud en la c\u00e9ntrica plaza de Lukiskiu de Vilna, la capital lituana. El mandatario dijo que acud\u00eda al encuentro \u201ccon confianza en los socios de la OTAN\u201d, una organizaci\u00f3n que, a su juicio, \u201cno se doblar\u00e1 ante ning\u00fan agresor\u201d y \u201c<strong>dar\u00e1 a Ucrania seguridad<\/strong>\u201d en medio de la guerra con Rusia.<\/p>\n\n\n\n<p>La cumbre concluir\u00e1 este mi\u00e9rcoles en Vilna, una ciudad ubicada a solo 200 kil\u00f3metros de Rusia.<\/p>\n\n\n\n<h2 class=\"wp-block-heading\">Qu\u00e9 acord\u00f3 la OTAN sobre el eventual ingreso de Ucrania<\/h2>\n\n\n\n<p>En una conferencia de prensa, Stoltenberg dijo que para sumar a Ucrania al bloque, el pa\u00eds europeo deber\u00eda modernizar las instituciones de defensa y seguridad. Tambi\u00e9n mencion\u00f3 el fortalecimiento de la gobernanza, incluida la lucha contra la corrupci\u00f3n.<\/p>\n\n\n\n<p>\u201dEstas han sido cuestiones que han sido abordadas en todas las ampliaciones de la OTAN porque queremos buena gobernanza, instituciones de defensa y seguridad modernas y fuerzas armadas interoperables con la OTAN\u201d, afirm\u00f3.<\/p>\n\n\n\n<figure class=\"wp-block-image\"><img decoding=\"async\" src=\"https:\/\/tn.com.ar\/resizer\/yDXQtX6RcNlr3RHvE6NhZqF6X-o=\/767x0\/smart\/filters:format(webp)\/cloudfront-us-east-1.images.arcpublishing.com\/artear\/MFAIRMSREBAMHIADUGL7DATSZI.jfif\" alt=\"De izquierda a derecha, el presidente del Gobierno, Pedro S\u00e1nchez; el presidente de Turqu\u00eda, Recep Tayyip Erdogan; el primer ministro del Reino Unido, Rishi Sunak; el presidente de Estados Unidos, Joe Biden; el secretario general de la Organizaci\u00f3n del Tratado del Atl\u00e1ntico Norte Jens Stoltenberg,, y el presidente de Lituania Gitanas Nauseda, este martes durante la cumbre de la OTAN que se celebra en Vilna (Foto: EFE)\"\/><\/figure>\n\n\n\n<p>A\u00f1adi\u00f3 que las condiciones tambi\u00e9n se refieren a una segunda dimensi\u00f3n, en referencia a la invasi\u00f3n rusa de Ucrania. \u201dLas fuerzas ucranianas han demostrado valor, destreza, competencias, que han impresionado a todo el mundo, pero, al mismo tiempo, hay una guerra en toda regla\u201d, coment\u00f3.<\/p>\n\n\n\n<p>En ese sentido, dijo creer que todos los pa\u00edses de la OTAN est\u00e1n de acuerdo en que, mientras siga la guerra, \u201c<strong>no es el momento para convertir a Ucrania en pleno miembro de la Alianza<\/strong>. As\u00ed que son dos cosas diferentes\u201d, sostuvo.<\/p>\n\n\n\n<p>Stoltenberg agreg\u00f3 que la importancia de la declaraci\u00f3n acordada en Vilna radica en que se plantean \u201clas herramientas para asegurar que Ucrania se acerque a la membres\u00eda\u201d, y se\u00f1al\u00f3 que por primera vez en un comunicado de una cumbre de la OTAN se incluye el t\u00e9rmino \u201cinvitaci\u00f3n\u201d como \u201cparte del lenguaje\u201d para hablar de Ucrania y se retira la exigencia del \u201cplan de acci\u00f3n para la adhesi\u00f3n\u201d (MAP, en ingl\u00e9s) para la futura entrada ucraniana.<\/p>\n\n\n\n<p>Los mandatarios de los pa\u00edses de la Alianza acordaron simplificar el proceso de la futura adhesi\u00f3n ucraniana a la OTAN, al aceptar eliminar el MAP. Ese paso supone que la adhesi\u00f3n de Ucrania a la OTAN pase de ser un proceso \u201cde dos pasos\u201d a un procedimiento \u201cde uno\u201d.<\/p>\n\n\n\n<p>El plan de acci\u00f3n para la adhesi\u00f3n pr\u00e1ctica es un programa de la OTAN de asesoramiento, asistencia y apoyo adaptado a las necesidades de los pa\u00edses que desean unirse a la Alianza. Los pa\u00edses que participan en el MAP presentan programas nacionales anuales que cubren aspectos pol\u00edticos, econ\u00f3micos, de defensa, de seguridad o jur\u00eddicos.<\/p>\n\n\n\n<p>Adem\u00e1s, los mandatarios aceptaron elevar el nivel de la relaci\u00f3n pol\u00edtica mediante la creaci\u00f3n del Consejo OTAN-Ucrania, un foro en el que ambas partes participar\u00e1n como iguales.<\/p>\n\n\n\n<h2 class=\"wp-block-heading\">Rusia y el terrorismo, las amenazas globales<\/h2>\n\n\n\n<p>Los l\u00edderes de la OTAN aprobaron adem\u00e1s una \u201cnueva generaci\u00f3n\u201d de aviones de defensa regionales que permiten defender r\u00e1pidamente \u201ca cualquier aliado que se vea amenazado\u201d.<\/p>\n\n\n\n<p>La declaraci\u00f3n deja claro que Rusia es la \u201camenaza m\u00e1s significativa y directa\u201d para su seguridad, la paz y la estabilidad euroatl\u00e1nticas, y que el terrorismo, \u201cen todas sus formas y manifestaciones\u201d, es la \u201camenaza asim\u00e9trica m\u00e1s directa para la seguridad de nuestros ciudadanos y para la paz y la prosperidad internacionales\u201d.<\/p>\n\n\n\n<p>\u201dLas amenazas a las que nos enfrentamos son globales y est\u00e1n interconectadas\u201d, subrayaron los mandatarios.<\/p>\n\n\n\n<p>En ese contexto, dio luz verde a una serie de medidas \u201cpara seguir mejorando la capacidad de disuasi\u00f3n y defensa de la OTAN en todos los alrededores\u201d, incluido el reforzamiento de las defensas avanzadas y la capacidad de la Alianza Atl\u00e1ntica para \u201creforzar r\u00e1pidamente a cualquier aliado que se vea amenazado\u201d.<\/p>\n\n\n\n<h2 class=\"wp-block-heading\">Volodimir Zelenski habl\u00f3 en Vilna ante una multitud<\/h2>\n\n\n\n<p>En tanto, el presidente ucraniano,&nbsp;<strong>Volod\u00edmir Zelenski<\/strong>, habl\u00f3 ante una multitud en la c\u00e9ntrica plaza de Lukiskiu de Vilna, la capital lituana.<\/p>\n\n\n\n<p>Desde el escenario instalado en la plaza, Zelenski dijo que acud\u00eda a Vilna \u201ccon confianza en los socios de la OTAN\u201d. Seg\u00fan afirm\u00f3, se trata de una organizaci\u00f3n que \u201cno se doblar\u00e1 ante ning\u00fan agresor\u201d y que \u201cdar\u00e1 a Ucrania seguridad\u201d.<\/p>\n\n\n\n<figure class=\"wp-block-image\"><img decoding=\"async\" src=\"https:\/\/tn.com.ar\/resizer\/u6uz2UAKrSxFtNk2SZQikdIgn4g=\/767x0\/smart\/filters:format(webp)\/cloudfront-us-east-1.images.arcpublishing.com\/artear\/2ZWIZTV7VREIJKDTINYSNGMU6Y.jfif\" alt=\"El presidente ucraniano Volodymyr Zelenskiy asiste a una ceremonia durante la cual activistas entregan una bandera ucraniana de la primera l\u00ednea de la guerra con Rusia, al margen de una cumbre de l\u00edderes de la OTAN en Vilnius, Lituania, el 11 de julio de 2023 REUTERS\/Kacper Pempel\"\/><\/figure>\n\n\n\n<p>\u201cRusia nunca m\u00e1s volver\u00e1 a atacar a los pa\u00edses b\u00e1lticos, a marchar sobre Praga ni atacar a Finlandia, no volver\u00e1 a ocupar Europa\u201d, proclam\u00f3 desde este lugar emblem\u00e1tico, entre miles de lituanos concentrados con banderas ucranianas.<\/p>\n\n\n\n<p>La intervenci\u00f3n, de una gran carga emocional, estuvo acompa\u00f1ada por el himno ucraniano, entre v\u00edtores de los asistentes a cada una de las frases del l\u00edder ucraniano, que fueron traducidas por un int\u00e9rprete.<\/p>\n","protected":false},"excerpt":{"rendered":"<p>La alianza atl\u00e1ntica condicion\u00f3 la incorporaci\u00f3n de Kiev, aunque le allan\u00f3 el camino. El presidente ucraniano, Volodimir Zelenski, pidi\u00f3 seguridad para afrontar la guerra con Rusia. En el inicio de&hellip; <\/p>\n","protected":false},"author":8,"featured_media":73112,"comment_status":"closed","ping_status":"open","sticky":false,"template":"","format":"standard","meta":{"footnotes":""},"categories":[11],"tags":[],"class_list":["post-73111","post","type-post","status-publish","format-standard","has-post-thumbnail","hentry","category-internacionales"],"_links":{"self":[{"href":"https:\/\/corrientesdetarde.com\/index.php\/wp-json\/wp\/v2\/posts\/73111","targetHints":{"allow":["GET"]}}],"collection":[{"href":"https:\/\/corrientesdetarde.com\/index.php\/wp-json\/wp\/v2\/posts"}],"about":[{"href":"https:\/\/corrientesdetarde.com\/index.php\/wp-json\/wp\/v2\/types\/post"}],"author":[{"embeddable":true,"href":"https:\/\/corrientesdetarde.com\/index.php\/wp-json\/wp\/v2\/users\/8"}],"replies":[{"embeddable":true,"href":"https:\/\/corrientesdetarde.com\/index.php\/wp-json\/wp\/v2\/comments?post=73111"}],"version-history":[{"count":1,"href":"https:\/\/corrientesdetarde.com\/index.php\/wp-json\/wp\/v2\/posts\/73111\/revisions"}],"predecessor-version":[{"id":73113,"href":"https:\/\/corrientesdetarde.com\/index.php\/wp-json\/wp\/v2\/posts\/73111\/revisions\/73113"}],"wp:featuredmedia":[{"embeddable":true,"href":"https:\/\/corrientesdetarde.com\/index.php\/wp-json\/wp\/v2\/media\/73112"}],"wp:attachment":[{"href":"https:\/\/corrientesdetarde.com\/index.php\/wp-json\/wp\/v2\/media?parent=73111"}],"wp:term":[{"taxonomy":"category","embeddable":true,"href":"https:\/\/corrientesdetarde.com\/index.php\/wp-json\/wp\/v2\/categories?post=73111"},{"taxonomy":"post_tag","embeddable":true,"href":"https:\/\/corrientesdetarde.com\/index.php\/wp-json\/wp\/v2\/tags?post=73111"}],"curies":[{"name":"wp","href":"https:\/\/api.w.org\/{rel}","templated":true}]}}