{"id":73131,"date":"2023-07-11T20:20:03","date_gmt":"2023-07-11T23:20:03","guid":{"rendered":"https:\/\/corrientesdetarde.com\/?p=73131"},"modified":"2023-07-11T20:20:07","modified_gmt":"2023-07-11T23:20:07","slug":"estudiantes-enfrenta-al-barcelona-de-ecuador-por-la-sudamericana","status":"publish","type":"post","link":"https:\/\/corrientesdetarde.com\/index.php\/deportes\/estudiantes-enfrenta-al-barcelona-de-ecuador-por-la-sudamericana\/","title":{"rendered":"ESTUDIANTES ENFRENTA AL BARCELONA DE ECUADOR POR LA SUDAMERICANA"},"content":{"rendered":"\n<p>(Corresponsalia Buenos Aires) &#8211; En el marco continental Estudiantes de La Plata tendr\u00e1 una visita de riesgo a Ecuador cuando se mida a Barcelona de Guayaquil desde las 21 horas, en un encuentro correspondiente a los 16avos de final de la Copa Sudam\u00e9ricana. <\/p>\n\n\n\n<p>El pincha, que alcanzo dicha instancia tras ser segundo de Bragantino en el grupo C, buscar\u00e1 traerse un buen resultado como visitante ante un equipo ecuatoriano que viene de terminar tercero en el grupo C de la Copa Libertadores quedando por detr\u00e1s de Palmeiras y Bol\u00edvar. El vencedor de la llave entre el le\u00f3n y Barcelona se medir\u00e1 en octavos de final a Goias de Brasil.<\/p>\n","protected":false},"excerpt":{"rendered":"<p>(Corresponsalia Buenos Aires) &#8211; En el marco continental Estudiantes de La Plata tendr\u00e1 una visita de riesgo a Ecuador cuando se mida a Barcelona de Guayaquil desde las 21 horas,&hellip; <\/p>\n","protected":false},"author":11,"featured_media":73132,"comment_status":"closed","ping_status":"open","sticky":false,"template":"","format":"standard","meta":{"footnotes":""},"categories":[4],"tags":[],"class_list":["post-73131","post","type-post","status-publish","format-standard","has-post-thumbnail","hentry","category-deportes"],"_links":{"self":[{"href":"https:\/\/corrientesdetarde.com\/index.php\/wp-json\/wp\/v2\/posts\/73131","targetHints":{"allow":["GET"]}}],"collection":[{"href":"https:\/\/corrientesdetarde.com\/index.php\/wp-json\/wp\/v2\/posts"}],"about":[{"href":"https:\/\/corrientesdetarde.com\/index.php\/wp-json\/wp\/v2\/types\/post"}],"author":[{"embeddable":true,"href":"https:\/\/corrientesdetarde.com\/index.php\/wp-json\/wp\/v2\/users\/11"}],"replies":[{"embeddable":true,"href":"https:\/\/corrientesdetarde.com\/index.php\/wp-json\/wp\/v2\/comments?post=73131"}],"version-history":[{"count":1,"href":"https:\/\/corrientesdetarde.com\/index.php\/wp-json\/wp\/v2\/posts\/73131\/revisions"}],"predecessor-version":[{"id":73133,"href":"https:\/\/corrientesdetarde.com\/index.php\/wp-json\/wp\/v2\/posts\/73131\/revisions\/73133"}],"wp:featuredmedia":[{"embeddable":true,"href":"https:\/\/corrientesdetarde.com\/index.php\/wp-json\/wp\/v2\/media\/73132"}],"wp:attachment":[{"href":"https:\/\/corrientesdetarde.com\/index.php\/wp-json\/wp\/v2\/media?parent=73131"}],"wp:term":[{"taxonomy":"category","embeddable":true,"href":"https:\/\/corrientesdetarde.com\/index.php\/wp-json\/wp\/v2\/categories?post=73131"},{"taxonomy":"post_tag","embeddable":true,"href":"https:\/\/corrientesdetarde.com\/index.php\/wp-json\/wp\/v2\/tags?post=73131"}],"curies":[{"name":"wp","href":"https:\/\/api.w.org\/{rel}","templated":true}]}}