{"id":73134,"date":"2023-07-11T20:23:32","date_gmt":"2023-07-11T23:23:32","guid":{"rendered":"https:\/\/corrientesdetarde.com\/?p=73134"},"modified":"2023-07-11T20:23:54","modified_gmt":"2023-07-11T23:23:54","slug":"la-cgt-recibira-a-sergio-massa-y-agustin-rossi-la-semana-proxima-junto-con-dirigentes-de-los-sindicatos-confederados","status":"publish","type":"post","link":"https:\/\/corrientesdetarde.com\/index.php\/nacionales\/la-cgt-recibira-a-sergio-massa-y-agustin-rossi-la-semana-proxima-junto-con-dirigentes-de-los-sindicatos-confederados\/","title":{"rendered":"La CGT recibir\u00e1 a Sergio Massa y Agust\u00edn Rossi, la semana pr\u00f3xima junto con dirigentes de los sindicatos confederados"},"content":{"rendered":"\n<p>(Pablo Roma, Gremiales) -La conducci\u00f3n de la CGT convoc\u00f3 a dos actos de respaldo a la f\u00f3rmula de Uni\u00f3n por la Patria (UxP) Sergio Massa-Agust\u00edn Rossi para el 19 de julio y el 8 de agosto pr\u00f3ximos, seg\u00fan confirm\u00f3 hoy luego del encuentro de mesa chica de la central obrera uno de sus cotitulares, H\u00e9ctor Daer.<\/p>\n\n\n\n<p>El consejo directivo de la central obrera recibir\u00e1 a Sergio Massa y a Agust\u00edn Rossi a las 15 del mi\u00e9rcoles de la semana pr\u00f3xima junto con dirigentes de los sindicatos confederados, en un acto convocado en el Sal\u00f3n Felipe Vallese para respaldar la f\u00f3rmula de UxP.<\/p>\n\n\n\n<p>Daer (Sanidad) quien comparte la conducci\u00f3n de la CGT con sus pares Carlos Acu\u00f1a (Estaciones de servicio) y Pablo Moyano (Camioneros), asegur\u00f3 que la segunda de esas demostraciones de apoyo a la f\u00f3rmula oficialista se realizar\u00e1 el 8 de agosto -cinco d\u00edas antes de las PASO- en el estadio DirecTV Arena de la localidad bonaerense de Tortuguitas, en Malvinas Argentinas, donde en junio \u00faltimo el ahora candidato a presidente clausur\u00f3 el plenario del Frente Renovador.<\/p>\n\n\n\n<p>&#8220;El conjunto del movimiento obrero, con sus diferentes y variados matices, se unific\u00f3 y proclam\u00f3 hoy su apoyo a la f\u00f3rmula Massa-Rossi. Es necesario ahora mantener una s\u00f3lida unidad para marchar convencidos hacia el triunfo&#8221;, dijo Daer a la prensa luego del encuentro en la sede nacional de la Uni\u00f3n del Personal Civil de la Naci\u00f3n (UPCN).<\/p>\n\n\n\n<p>En el encuentro participaron representantes de m\u00e1s de 50 gremios integrantes de la CGT -moyanistas, sindicatos de servicios y de otras variadas expresiones-, quienes analizaron la situaci\u00f3n econ\u00f3mico-social y decidieron la convocatoria a los actos.<\/p>\n\n\n\n<p>Seg\u00fan el secretario de Prensa de la CGT, el dirigente del gremio del Seguro Jorge Sola (Seguros), la convocatoria en la entidad que lidera Andr\u00e9s Rodr\u00edguez se centr\u00f3 en &#8220;el debate sobre la actual coyuntura electoral y el firme prop\u00f3sito del movimiento obrero de ofrecer sustento y apoyo a la propuesta de UxP con la f\u00f3rmula presidencial Massa-Rossi&#8221;.<\/p>\n\n\n\n<p>La CGT afirm\u00f3 en un documento que ese espacio representa &#8220;los principios del Justicialismo, por lo que las banderas de los derechos del trabajo, de la salud y de la educaci\u00f3n deben ser sustentadas por un proyecto que se plante ante las advertencias que desde otros sectores se realizan con objetivos de ajuste a los m\u00e1s despose\u00eddos&#8221;.<\/p>\n\n\n\n<p>&#8220;Es tiempo de ayudar a transitar la crisis, como el movimiento obrero lo hizo de forma hist\u00f3rica, a sabiendas de que existe la esperanza de que la f\u00f3rmula Massa-Rossi representa los intereses de los trabajadores. La CGT celebra el ejemplo de unidad demostrado, con sus diferentes matices y puntos de vista, lo que ser\u00e1 uno de los art\u00edfices de un espacio electoral y pol\u00edtico que se propone competitivo y confiable&#8221;, puntualiz\u00f3.<\/p>\n\n\n\n<p>La central obrera asegur\u00f3 que trabajar\u00e1 &#8220;con militancia, territorialidad, capacidad de movilizaci\u00f3n y convencimiento, porque la CGT es la representaci\u00f3n genuina de los trabajadores y defiende una propuesta pol\u00edtica que asegure una Argentina con mirada hacia el futuro inclusivo con producci\u00f3n, desarrollo y trabajo&#8221;, expres\u00f3 el documento.<\/p>\n\n\n\n<p>Adem\u00e1s de Daer, Acu\u00f1a, Moyano y Rodr\u00edguez, en el encuentro de varias horas participaron Armando Cavalieri (Comercio), Sola, Juan Pablo Brey (Aeronavegantes), Juan Carlos Schmid (Dragado y Balizamiento) y Jos\u00e9 Luis Lingeri (Obras Sanitarias), entre otros.<\/p>\n","protected":false},"excerpt":{"rendered":"<p>(Pablo Roma, Gremiales) -La conducci\u00f3n de la CGT convoc\u00f3 a dos actos de respaldo a la f\u00f3rmula de Uni\u00f3n por la Patria (UxP) Sergio Massa-Agust\u00edn Rossi para el 19 de&hellip; <\/p>\n","protected":false},"author":11,"featured_media":63079,"comment_status":"closed","ping_status":"open","sticky":false,"template":"","format":"standard","meta":{"footnotes":""},"categories":[10],"tags":[284,99],"class_list":["post-73134","post","type-post","status-publish","format-standard","has-post-thumbnail","hentry","category-nacionales","tag-cgt","tag-massa"],"_links":{"self":[{"href":"https:\/\/corrientesdetarde.com\/index.php\/wp-json\/wp\/v2\/posts\/73134","targetHints":{"allow":["GET"]}}],"collection":[{"href":"https:\/\/corrientesdetarde.com\/index.php\/wp-json\/wp\/v2\/posts"}],"about":[{"href":"https:\/\/corrientesdetarde.com\/index.php\/wp-json\/wp\/v2\/types\/post"}],"author":[{"embeddable":true,"href":"https:\/\/corrientesdetarde.com\/index.php\/wp-json\/wp\/v2\/users\/11"}],"replies":[{"embeddable":true,"href":"https:\/\/corrientesdetarde.com\/index.php\/wp-json\/wp\/v2\/comments?post=73134"}],"version-history":[{"count":1,"href":"https:\/\/corrientesdetarde.com\/index.php\/wp-json\/wp\/v2\/posts\/73134\/revisions"}],"predecessor-version":[{"id":73135,"href":"https:\/\/corrientesdetarde.com\/index.php\/wp-json\/wp\/v2\/posts\/73134\/revisions\/73135"}],"wp:featuredmedia":[{"embeddable":true,"href":"https:\/\/corrientesdetarde.com\/index.php\/wp-json\/wp\/v2\/media\/63079"}],"wp:attachment":[{"href":"https:\/\/corrientesdetarde.com\/index.php\/wp-json\/wp\/v2\/media?parent=73134"}],"wp:term":[{"taxonomy":"category","embeddable":true,"href":"https:\/\/corrientesdetarde.com\/index.php\/wp-json\/wp\/v2\/categories?post=73134"},{"taxonomy":"post_tag","embeddable":true,"href":"https:\/\/corrientesdetarde.com\/index.php\/wp-json\/wp\/v2\/tags?post=73134"}],"curies":[{"name":"wp","href":"https:\/\/api.w.org\/{rel}","templated":true}]}}