{"id":73137,"date":"2023-07-11T20:46:45","date_gmt":"2023-07-11T23:46:45","guid":{"rendered":"https:\/\/corrientesdetarde.com\/?p=73137"},"modified":"2023-07-11T20:46:49","modified_gmt":"2023-07-11T23:46:49","slug":"independiente-intentara-dejar-atras-el-mal-trago","status":"publish","type":"post","link":"https:\/\/corrientesdetarde.com\/index.php\/deportes\/independiente-intentara-dejar-atras-el-mal-trago\/","title":{"rendered":"INDEPENDIENTE INTENTARA DEJAR ATRAS EL MAL TRAGO"},"content":{"rendered":"\n<p>(Corresponsal\u00eda Buenos Aires) &#8211; El rojo intentar\u00e1 dejar atr\u00e1s el ag\u00f3nico empate sufrido ante Gimnasia el pasado viernes cuando reciba a Newell&#8217;s en Avellaneda desde las 20 horas.<\/p>\n\n\n\n<p>Un conjunto rosarino que no conoce el triunfo en condici\u00f3n de visitante desde el pasado 12 de Abril ante el Racing de Fernando Gago.<br>M\u00e1s temprano, desde las 18.45, Rosario Central intentar\u00e1 mantener su invicto de local ante Central C\u00f3rdoba de Santiago del Estero, equipo que acumula seis partidos sin conocer la derrota.<br>Finalmente, desde las 21.30, Atl\u00e9tico Tucum\u00e1n recibir\u00e1 a Gimnasia de La Plata en lo que ser\u00e1 el cierre de la fecha 24 del campeonato.<\/p>\n","protected":false},"excerpt":{"rendered":"<p>(Corresponsal\u00eda Buenos Aires) &#8211; El rojo intentar\u00e1 dejar atr\u00e1s el ag\u00f3nico empate sufrido ante Gimnasia el pasado viernes cuando reciba a Newell&#8217;s en Avellaneda desde las 20 horas. Un conjunto&hellip; <\/p>\n","protected":false},"author":11,"featured_media":73138,"comment_status":"closed","ping_status":"open","sticky":false,"template":"","format":"standard","meta":{"footnotes":""},"categories":[4],"tags":[],"class_list":["post-73137","post","type-post","status-publish","format-standard","has-post-thumbnail","hentry","category-deportes"],"_links":{"self":[{"href":"https:\/\/corrientesdetarde.com\/index.php\/wp-json\/wp\/v2\/posts\/73137","targetHints":{"allow":["GET"]}}],"collection":[{"href":"https:\/\/corrientesdetarde.com\/index.php\/wp-json\/wp\/v2\/posts"}],"about":[{"href":"https:\/\/corrientesdetarde.com\/index.php\/wp-json\/wp\/v2\/types\/post"}],"author":[{"embeddable":true,"href":"https:\/\/corrientesdetarde.com\/index.php\/wp-json\/wp\/v2\/users\/11"}],"replies":[{"embeddable":true,"href":"https:\/\/corrientesdetarde.com\/index.php\/wp-json\/wp\/v2\/comments?post=73137"}],"version-history":[{"count":1,"href":"https:\/\/corrientesdetarde.com\/index.php\/wp-json\/wp\/v2\/posts\/73137\/revisions"}],"predecessor-version":[{"id":73139,"href":"https:\/\/corrientesdetarde.com\/index.php\/wp-json\/wp\/v2\/posts\/73137\/revisions\/73139"}],"wp:featuredmedia":[{"embeddable":true,"href":"https:\/\/corrientesdetarde.com\/index.php\/wp-json\/wp\/v2\/media\/73138"}],"wp:attachment":[{"href":"https:\/\/corrientesdetarde.com\/index.php\/wp-json\/wp\/v2\/media?parent=73137"}],"wp:term":[{"taxonomy":"category","embeddable":true,"href":"https:\/\/corrientesdetarde.com\/index.php\/wp-json\/wp\/v2\/categories?post=73137"},{"taxonomy":"post_tag","embeddable":true,"href":"https:\/\/corrientesdetarde.com\/index.php\/wp-json\/wp\/v2\/tags?post=73137"}],"curies":[{"name":"wp","href":"https:\/\/api.w.org\/{rel}","templated":true}]}}