{"id":73140,"date":"2023-07-12T00:24:20","date_gmt":"2023-07-12T03:24:20","guid":{"rendered":"https:\/\/corrientesdetarde.com\/?p=73140"},"modified":"2023-07-12T00:24:23","modified_gmt":"2023-07-12T03:24:23","slug":"la-junta-medica-que-examino-a-sena-determino-que-no-requiere-asistencia-de-terceros","status":"publish","type":"post","link":"https:\/\/corrientesdetarde.com\/index.php\/crimen-y-justicia\/la-junta-medica-que-examino-a-sena-determino-que-no-requiere-asistencia-de-terceros\/","title":{"rendered":"La junta m\u00e9dica que examin\u00f3 a Sena determin\u00f3 que &#8220;no requiere asistencia de terceros&#8221;"},"content":{"rendered":"\n<p>La junta m\u00e9dica que examin\u00f3 a Emerenciano Sena, uno de los siete detenidos por el femicidio de su nuera Cecilia Strzyzowski, la joven de 28 a\u00f1os desaparecida desde el 2 de junio en Resistencia, Chaco, determin\u00f3 que &#8220;no requiere asistencia de terceros para realizar las actividades de la vida diaria&#8221; y se encuentra en &#8220;buen estado de salud&#8221;, en un rev\u00e9s para su defensa, que hab\u00eda pedido un arresto domiciliario del acusado debido a su debilidad f\u00edsica, informaron este martes fuentes judiciales.<\/p>\n\n\n\n<p>No obstante, los m\u00e9dicos forenses dispusieron ex\u00e1menes complementarios para luego &#8220;realizar un informe con diagn\u00f3sticos certeros, y que el examinado pueda recibir tratamiento adecuado y el seguimiento correspondiente&#8221;.<\/p>\n\n\n\n<p>En tanto, el abogado Juan Arreg\u00edn, uno de los representantes de Gloria Romero, madre de la v\u00edctima, confirm\u00f3 que pidieron una medida cautelar de inhibici\u00f3n general de bienes de la familia Sena con el objetivo de formalizar una Acci\u00f3n Civil resarcitoria en el marco de esta causa.<\/p>\n\n\n\n<p>Seg\u00fan el informe del Instituto M\u00e9dico Forense (IMF) realizado por pedido del Equipo Fiscal Especial (EFE) y a ra\u00edz de un pedido de prisi\u00f3n domiciliaria, Emerenciano Sena (60) &#8220;presenta al momento del examen buen estado de salud aparente, sin signos de descompensaci\u00f3n, ni de proceso agudo en evoluci\u00f3n&#8221;.<\/p>\n\n\n\n<p>&#8220;Se examin\u00f3 a una persona de sexo masculino, de 60 a\u00f1os de edad, actualmente compensado, con buen estado nutricional, no requiere asistencia de terceros para realizar las actividades de la vida diaria&#8221;, explicaron los expertos.<\/p>\n\n\n\n<p>El equipo m\u00e9dico a\u00f1adi\u00f3 que &#8220;seg\u00fan manifiesta presenta diagn\u00f3stico de patolog\u00edas cr\u00f3nicas las cuales no se constatan por historia cl\u00ednica ni estudios complementarios&#8221;.<\/p>\n\n\n\n<p>&#8220;Refiere padecer de Diabetes tipo 2 diagnosticada hace aproximadamente siete a\u00f1os en tratamiento con metformina 1700 mg\/d\u00eda. P\u00f3lipos intestinales, diagnosticado aproximadamente hace 4 &#8211; 5 a\u00f1os por medio de una colonoscopia realizada en el Hospital Perrando, manifestando que actualmente no recibe tratamiento para dicha afecci\u00f3n; y enfermedad prost\u00e1tica sin tratamiento actual&#8221;, se\u00f1ala el informe.<\/p>\n\n\n\n<p>De esta manera, el personal sugiri\u00f3 someterlo a una evaluaci\u00f3n por Diabetes y Nutrici\u00f3n; un laboratorio completo; un hepatograma completo, triglic\u00e9ridos, colesterol total, LDL, HDL, PSA, clearence de creatinina, proteinuria de 24 horas; orina completa; urocultivo; ecograf\u00eda abdominal, evaluaci\u00f3n urol\u00f3gica con ecograf\u00eda renal vesical prost\u00e1tica con control de residuo posmiccional con informe, evaluaci\u00f3n cardiovascular con ECG con informe, evaluaci\u00f3n oftalmol\u00f3gica con fondo de ojo y evaluaci\u00f3n por servicio de gastroenterolog\u00eda con realizaci\u00f3n de fibrocolonoscopia.<\/p>\n\n\n\n<p>&#8220;Una vez realizadas las evaluaciones y los estudios solicitados en el presente examen m\u00e9dico forense se remitan al IMF para ser evaluados y realizar un informe con diagn\u00f3sticos certeros, y que el examinado pueda recibir tratamiento adecuado y el seguimiento correspondiente&#8221;, indic\u00f3 el informe.<\/p>\n","protected":false},"excerpt":{"rendered":"<p>La junta m\u00e9dica que examin\u00f3 a Emerenciano Sena, uno de los siete detenidos por el femicidio de su nuera Cecilia Strzyzowski, la joven de 28 a\u00f1os desaparecida desde el 2&hellip; <\/p>\n","protected":false},"author":1,"featured_media":72971,"comment_status":"closed","ping_status":"open","sticky":false,"template":"","format":"standard","meta":{"footnotes":""},"categories":[5],"tags":[],"class_list":["post-73140","post","type-post","status-publish","format-standard","has-post-thumbnail","hentry","category-crimen-y-justicia"],"_links":{"self":[{"href":"https:\/\/corrientesdetarde.com\/index.php\/wp-json\/wp\/v2\/posts\/73140","targetHints":{"allow":["GET"]}}],"collection":[{"href":"https:\/\/corrientesdetarde.com\/index.php\/wp-json\/wp\/v2\/posts"}],"about":[{"href":"https:\/\/corrientesdetarde.com\/index.php\/wp-json\/wp\/v2\/types\/post"}],"author":[{"embeddable":true,"href":"https:\/\/corrientesdetarde.com\/index.php\/wp-json\/wp\/v2\/users\/1"}],"replies":[{"embeddable":true,"href":"https:\/\/corrientesdetarde.com\/index.php\/wp-json\/wp\/v2\/comments?post=73140"}],"version-history":[{"count":1,"href":"https:\/\/corrientesdetarde.com\/index.php\/wp-json\/wp\/v2\/posts\/73140\/revisions"}],"predecessor-version":[{"id":73147,"href":"https:\/\/corrientesdetarde.com\/index.php\/wp-json\/wp\/v2\/posts\/73140\/revisions\/73147"}],"wp:featuredmedia":[{"embeddable":true,"href":"https:\/\/corrientesdetarde.com\/index.php\/wp-json\/wp\/v2\/media\/72971"}],"wp:attachment":[{"href":"https:\/\/corrientesdetarde.com\/index.php\/wp-json\/wp\/v2\/media?parent=73140"}],"wp:term":[{"taxonomy":"category","embeddable":true,"href":"https:\/\/corrientesdetarde.com\/index.php\/wp-json\/wp\/v2\/categories?post=73140"},{"taxonomy":"post_tag","embeddable":true,"href":"https:\/\/corrientesdetarde.com\/index.php\/wp-json\/wp\/v2\/tags?post=73140"}],"curies":[{"name":"wp","href":"https:\/\/api.w.org\/{rel}","templated":true}]}}