{"id":73141,"date":"2023-07-11T23:55:06","date_gmt":"2023-07-12T02:55:06","guid":{"rendered":"https:\/\/corrientesdetarde.com\/?p=73141"},"modified":"2023-07-11T23:55:10","modified_gmt":"2023-07-12T02:55:10","slug":"el-gobernador-valdes-se-reunio-con-el-companero-de-formula-de-patricia-bullrich","status":"publish","type":"post","link":"https:\/\/corrientesdetarde.com\/index.php\/politica\/el-gobernador-valdes-se-reunio-con-el-companero-de-formula-de-patricia-bullrich\/","title":{"rendered":"El gobernador Vald\u00e9s se reuni\u00f3 con el compa\u00f1ero de f\u00f3rmula de Patricia Bullrich"},"content":{"rendered":"\n<p>En la ciudad de Buenos Aires, el gobernador Gustavo Vald\u00e9s se reuni\u00f3 este martes con el precandidato a vicepresidente de la Naci\u00f3n, Luis Petri. Junto al diputado nacional Julio Cobos, el compa\u00f1ero de f\u00f3rmula de Patricia Bullrich, asegur\u00f3 en la ocasi\u00f3n que pr\u00f3ximamente visitar\u00e1 la provincia de Corrientes con la precandidata a Presidente de Juntos por el Cambio, mientras que el mandatario correntino manifest\u00f3 su preocupaci\u00f3n por la inflaci\u00f3n al analizar&nbsp;la situaci\u00f3n socioecon\u00f3mica argentina durante este encuentro.<\/p>\n\n\n\n<p>&#8220;El Gobierno debe escuchar las demandas de los ciudadanos: hay mucho que hacer para revertir la fr\u00e1gil realidad de trabajadores, comerciantes, emprendedores, empresarios, productores e industriales, quienes no tienen perspectivas ni de crecimiento ni de desarrollo por culpa de la inflaci\u00f3n&#8221;, tuite\u00f3 Vald\u00e9s al concluir la reuni\u00f3n.<\/p>\n\n\n\n<p>Por su parte, Petri se expres\u00f3 al respecto tuiteando que, con Vald\u00e9s y Cobos, &#8220;coincidimos en que el radicalismo, es un motor fundamental para darle fuerza al cambio en Argentina&#8221;, agradeciendo a la vez al Gobernador por recibirlo y asegurando que &#8220;con Patricia Bullrich pr\u00f3ximamente visitaremos la hermosa provincia de Corrientes&#8221;.<\/p>\n","protected":false},"excerpt":{"rendered":"<p>En la ciudad de Buenos Aires, el gobernador Gustavo Vald\u00e9s se reuni\u00f3 este martes con el precandidato a vicepresidente de la Naci\u00f3n, Luis Petri. Junto al diputado nacional Julio Cobos,&hellip; <\/p>\n","protected":false},"author":1,"featured_media":73143,"comment_status":"closed","ping_status":"open","sticky":false,"template":"","format":"standard","meta":{"footnotes":""},"categories":[3],"tags":[],"class_list":["post-73141","post","type-post","status-publish","format-standard","has-post-thumbnail","hentry","category-politica"],"_links":{"self":[{"href":"https:\/\/corrientesdetarde.com\/index.php\/wp-json\/wp\/v2\/posts\/73141","targetHints":{"allow":["GET"]}}],"collection":[{"href":"https:\/\/corrientesdetarde.com\/index.php\/wp-json\/wp\/v2\/posts"}],"about":[{"href":"https:\/\/corrientesdetarde.com\/index.php\/wp-json\/wp\/v2\/types\/post"}],"author":[{"embeddable":true,"href":"https:\/\/corrientesdetarde.com\/index.php\/wp-json\/wp\/v2\/users\/1"}],"replies":[{"embeddable":true,"href":"https:\/\/corrientesdetarde.com\/index.php\/wp-json\/wp\/v2\/comments?post=73141"}],"version-history":[{"count":1,"href":"https:\/\/corrientesdetarde.com\/index.php\/wp-json\/wp\/v2\/posts\/73141\/revisions"}],"predecessor-version":[{"id":73144,"href":"https:\/\/corrientesdetarde.com\/index.php\/wp-json\/wp\/v2\/posts\/73141\/revisions\/73144"}],"wp:featuredmedia":[{"embeddable":true,"href":"https:\/\/corrientesdetarde.com\/index.php\/wp-json\/wp\/v2\/media\/73143"}],"wp:attachment":[{"href":"https:\/\/corrientesdetarde.com\/index.php\/wp-json\/wp\/v2\/media?parent=73141"}],"wp:term":[{"taxonomy":"category","embeddable":true,"href":"https:\/\/corrientesdetarde.com\/index.php\/wp-json\/wp\/v2\/categories?post=73141"},{"taxonomy":"post_tag","embeddable":true,"href":"https:\/\/corrientesdetarde.com\/index.php\/wp-json\/wp\/v2\/tags?post=73141"}],"curies":[{"name":"wp","href":"https:\/\/api.w.org\/{rel}","templated":true}]}}