{"id":73145,"date":"2023-07-12T00:22:52","date_gmt":"2023-07-12T03:22:52","guid":{"rendered":"https:\/\/corrientesdetarde.com\/?p=73145"},"modified":"2023-07-12T00:22:56","modified_gmt":"2023-07-12T03:22:56","slug":"corrientes-grupo-de-choferes-disidentes-sostienen-el-paro-de-colectivos-pese-a-lograr-el-acuerdo-salarial","status":"publish","type":"post","link":"https:\/\/corrientesdetarde.com\/index.php\/locales\/corrientes-grupo-de-choferes-disidentes-sostienen-el-paro-de-colectivos-pese-a-lograr-el-acuerdo-salarial\/","title":{"rendered":"Corrientes: grupo de choferes disidentes sostienen el paro de colectivos pese a lograr el acuerdo salarial"},"content":{"rendered":"\n<p>El vocero de la CETUC (C\u00e1mara de Empresas del Transporte Urbano de Corrientes), Javier Harfuch, en dialogo con Radio Dos inform\u00f3 que desde el sector empresarial denunciar\u00e1n penalmente a los trabajadores que se encuentran impidiendo que los colectivos urbanos puedan circular luego que se haya levando la medida de fuerza en horas de la tarde de este martes.&nbsp;<\/p>\n\n\n\n<p>&#8220;El servicio se ten\u00eda que restablecer, pero un grupo reducido de personas que desconoce la conducci\u00f3n de la UTA se abroquel\u00f3 en la puerta de la empresa (ERSA) e impiden que circulen los m\u00f3viles&#8221;, indic\u00f3 Harfuch.<\/p>\n\n\n\n<p>Luego coment\u00f3 que &#8220;en horas de la siesta se lleg\u00f3 a un acuerdo con la UTA local en coordinaci\u00f3n con UTA nacional para destrabar el conflicto asumiendo el compromiso de los reclamos salariales de la escala como pas\u00f3 en AMBA y el resto del pa\u00eds&#8221;.&nbsp;<\/p>\n\n\n\n<p>A su vez, cont\u00f3 que tras el acuerdo conseguido el sueldo b\u00e1sico, a partir de septiembre, de los choferes pasar\u00e1 a ser 404.000 pesos y un pago de una cierta retroactivo como se paut\u00f3 y que ser\u00e1 en cuatro cuotas seguidas.<\/p>\n\n\n\n<p>&#8220;Esto es un esfuerzo no solo del empresarial sino tambi\u00e9n del Gobierno Provincial y municipal, que ha contribuido en gran medida a la soluci\u00f3n aportando los fondos necesarios para alcanzar los valores de sueldos mencionados&#8221;, cont\u00f3 Harfuch.<\/p>\n\n\n\n<p><\/p>\n\n\n\n<p>radio dos<\/p>\n","protected":false},"excerpt":{"rendered":"<p>El vocero de la CETUC (C\u00e1mara de Empresas del Transporte Urbano de Corrientes), Javier Harfuch, en dialogo con Radio Dos inform\u00f3 que desde el sector empresarial denunciar\u00e1n penalmente a los&hellip; <\/p>\n","protected":false},"author":1,"featured_media":73108,"comment_status":"closed","ping_status":"open","sticky":false,"template":"","format":"standard","meta":{"footnotes":""},"categories":[8],"tags":[],"class_list":["post-73145","post","type-post","status-publish","format-standard","has-post-thumbnail","hentry","category-locales"],"_links":{"self":[{"href":"https:\/\/corrientesdetarde.com\/index.php\/wp-json\/wp\/v2\/posts\/73145","targetHints":{"allow":["GET"]}}],"collection":[{"href":"https:\/\/corrientesdetarde.com\/index.php\/wp-json\/wp\/v2\/posts"}],"about":[{"href":"https:\/\/corrientesdetarde.com\/index.php\/wp-json\/wp\/v2\/types\/post"}],"author":[{"embeddable":true,"href":"https:\/\/corrientesdetarde.com\/index.php\/wp-json\/wp\/v2\/users\/1"}],"replies":[{"embeddable":true,"href":"https:\/\/corrientesdetarde.com\/index.php\/wp-json\/wp\/v2\/comments?post=73145"}],"version-history":[{"count":1,"href":"https:\/\/corrientesdetarde.com\/index.php\/wp-json\/wp\/v2\/posts\/73145\/revisions"}],"predecessor-version":[{"id":73146,"href":"https:\/\/corrientesdetarde.com\/index.php\/wp-json\/wp\/v2\/posts\/73145\/revisions\/73146"}],"wp:featuredmedia":[{"embeddable":true,"href":"https:\/\/corrientesdetarde.com\/index.php\/wp-json\/wp\/v2\/media\/73108"}],"wp:attachment":[{"href":"https:\/\/corrientesdetarde.com\/index.php\/wp-json\/wp\/v2\/media?parent=73145"}],"wp:term":[{"taxonomy":"category","embeddable":true,"href":"https:\/\/corrientesdetarde.com\/index.php\/wp-json\/wp\/v2\/categories?post=73145"},{"taxonomy":"post_tag","embeddable":true,"href":"https:\/\/corrientesdetarde.com\/index.php\/wp-json\/wp\/v2\/tags?post=73145"}],"curies":[{"name":"wp","href":"https:\/\/api.w.org\/{rel}","templated":true}]}}