{"id":73149,"date":"2023-07-12T09:09:36","date_gmt":"2023-07-12T12:09:36","guid":{"rendered":"https:\/\/corrientesdetarde.com\/?p=73149"},"modified":"2023-07-12T09:09:39","modified_gmt":"2023-07-12T12:09:39","slug":"vuelven-a-circular-los-colectivos-en-corrientes","status":"publish","type":"post","link":"https:\/\/corrientesdetarde.com\/index.php\/locales\/vuelven-a-circular-los-colectivos-en-corrientes\/","title":{"rendered":"Vuelven a circular los colectivos en Corrientes."},"content":{"rendered":"\n<h2 class=\"wp-block-heading\">Los choferes finalmente arreglaron sus diferencias y aceptaron el acuerdo firmado por la UTA. La situaci\u00f3n se normaliz\u00f3 durante la ma\u00f1ana de este mi\u00e9rcoles 12.<\/h2>\n\n\n\n<p>Tras 5 d\u00edas sin servicio, volvieron a circular los colectivos en la ciudad de Corrientes. Fue tras dos acuerdos logrados con los trabajadores.<\/p>\n\n\n\n<p>La medida de fuerza se activ\u00f3 el pasado 7 de julio al cumplirse el per\u00edodo legal para el pago de sueldos sin que cumplan. Esto inici\u00f3 un paro en numerosas provincias del pa\u00eds.<\/p>\n\n\n\n<p>Con el paso de los d\u00edas todas fueron llegando a diferentes acuerdos, siempre con la intervenci\u00f3n de Gobiernos Provinciales y municipales. Reci\u00e9n ayer la UTA y las empresas prestadoras del servicio arreglaron sus diferencias.<\/p>\n\n\n\n<p>Sin embargo este consenso fue rechazado por los choferes autoconvocados de ERSA que se negaron a aceptar un acuerdo en 4 cuotas y exig\u00edan algo con m\u00e1s celeridad. Luego de varias horas de tensi\u00f3n, reci\u00e9n esta madrugada acordaron.<\/p>\n\n\n\n<p>Es por eso que durante la ma\u00f1ana de este mi\u00e9rcoles 12 volvieron a circular los colectivos de ERSA, que representan el 85% de las l\u00edneas de la ciudad.<\/p>\n","protected":false},"excerpt":{"rendered":"<p>Los choferes finalmente arreglaron sus diferencias y aceptaron el acuerdo firmado por la UTA. La situaci\u00f3n se normaliz\u00f3 durante la ma\u00f1ana de este mi\u00e9rcoles 12. Tras 5 d\u00edas sin servicio,&hellip; <\/p>\n","protected":false},"author":6,"featured_media":73153,"comment_status":"closed","ping_status":"open","sticky":false,"template":"","format":"standard","meta":{"footnotes":""},"categories":[8],"tags":[],"class_list":["post-73149","post","type-post","status-publish","format-standard","has-post-thumbnail","hentry","category-locales"],"_links":{"self":[{"href":"https:\/\/corrientesdetarde.com\/index.php\/wp-json\/wp\/v2\/posts\/73149","targetHints":{"allow":["GET"]}}],"collection":[{"href":"https:\/\/corrientesdetarde.com\/index.php\/wp-json\/wp\/v2\/posts"}],"about":[{"href":"https:\/\/corrientesdetarde.com\/index.php\/wp-json\/wp\/v2\/types\/post"}],"author":[{"embeddable":true,"href":"https:\/\/corrientesdetarde.com\/index.php\/wp-json\/wp\/v2\/users\/6"}],"replies":[{"embeddable":true,"href":"https:\/\/corrientesdetarde.com\/index.php\/wp-json\/wp\/v2\/comments?post=73149"}],"version-history":[{"count":1,"href":"https:\/\/corrientesdetarde.com\/index.php\/wp-json\/wp\/v2\/posts\/73149\/revisions"}],"predecessor-version":[{"id":73154,"href":"https:\/\/corrientesdetarde.com\/index.php\/wp-json\/wp\/v2\/posts\/73149\/revisions\/73154"}],"wp:featuredmedia":[{"embeddable":true,"href":"https:\/\/corrientesdetarde.com\/index.php\/wp-json\/wp\/v2\/media\/73153"}],"wp:attachment":[{"href":"https:\/\/corrientesdetarde.com\/index.php\/wp-json\/wp\/v2\/media?parent=73149"}],"wp:term":[{"taxonomy":"category","embeddable":true,"href":"https:\/\/corrientesdetarde.com\/index.php\/wp-json\/wp\/v2\/categories?post=73149"},{"taxonomy":"post_tag","embeddable":true,"href":"https:\/\/corrientesdetarde.com\/index.php\/wp-json\/wp\/v2\/tags?post=73149"}],"curies":[{"name":"wp","href":"https:\/\/api.w.org\/{rel}","templated":true}]}}