{"id":73150,"date":"2023-07-12T08:58:29","date_gmt":"2023-07-12T11:58:29","guid":{"rendered":"https:\/\/corrientesdetarde.com\/?p=73150"},"modified":"2023-07-12T08:58:34","modified_gmt":"2023-07-12T11:58:34","slug":"pronostico-del-tiempo-para-este-miercoles-12-de-julio","status":"publish","type":"post","link":"https:\/\/corrientesdetarde.com\/index.php\/clima\/pronostico-del-tiempo-para-este-miercoles-12-de-julio\/","title":{"rendered":"Pron\u00f3stico del tiempo para este mi\u00e9rcoles 12 de julio."},"content":{"rendered":"\n<h2 class=\"wp-block-heading\">Para esta jornada hay alta probabilidad de precipitaciones durante la ma\u00f1ana y la tarde.<\/h2>\n\n\n\n<p>Por la ma\u00f1ana, la temperatura ser\u00e1 de 15 \u00b0C, con probabilidad de tormentas fuertes (70-100%) y una brisa del Suroeste, con una velocidad m\u00e1xima de 2 km\/h.\u00a0<\/p>\n\n\n\n<p>Por la tarde, la m\u00e1xima ser\u00e1 de 17 \u00b0C, con probabilidad de tormentas fuertes (40-70%) y viento fuerte del Suroeste, con r\u00e1fagas de entre 42 y 50 km\/h.<\/p>\n\n\n\n<p>Por la noche, la temperatura bajar\u00e1 nuevamente hasta los 15 \u00b0C, con probabilidad de lluvias aisladas y viento fuerte del Suroeste, con r\u00e1fagas de entre 51 y 59 km\/h.<\/p>\n\n\n\n<p><strong>Alerta amarilla por tormentas durante la ma\u00f1ana y la tarde del mi\u00e9rcoles para el Noroeste de Corrientes<\/strong>.<\/p>\n\n\n\n<figure class=\"wp-block-image\"><img decoding=\"async\" src=\"https:\/\/www.lt7noticias.com\/content\/bucket\/1\/50221w770h560c.jpg.webp\" alt=\"\"\/><\/figure>\n\n\n\n<p>Las localidades afectadas son:&nbsp;<strong>Capital<\/strong>, Ber\u00f3n de Astrada, Empedrado, General Paz, Itat\u00ed, Mburucuy\u00e1, Saladas, San Cosme y San Luis del Palmar.<\/p>\n\n\n\n<p>El \u00e1rea ser\u00e1 afectada por tormentas, pudiendo ser algunas localmente fuertes. Se espera que las mismas est\u00e9n acompa\u00f1adas por r\u00e1fagas, intensa actividad el\u00e9ctrica, ocasional ca\u00edda de granizo y fundamentalmente abundante ca\u00edda de agua en cortos periodos.<\/p>\n\n\n\n<p>Se estiman valores totales de precipitaci\u00f3n entre 25 y 50 mm, pudiendo ser superados de forma puntual.<\/p>\n","protected":false},"excerpt":{"rendered":"<p>Para esta jornada hay alta probabilidad de precipitaciones durante la ma\u00f1ana y la tarde. Por la ma\u00f1ana, la temperatura ser\u00e1 de 15 \u00b0C, con probabilidad de tormentas fuertes (70-100%) y&hellip; <\/p>\n","protected":false},"author":6,"featured_media":73151,"comment_status":"closed","ping_status":"open","sticky":false,"template":"","format":"standard","meta":{"footnotes":""},"categories":[29],"tags":[],"class_list":["post-73150","post","type-post","status-publish","format-standard","has-post-thumbnail","hentry","category-clima"],"_links":{"self":[{"href":"https:\/\/corrientesdetarde.com\/index.php\/wp-json\/wp\/v2\/posts\/73150","targetHints":{"allow":["GET"]}}],"collection":[{"href":"https:\/\/corrientesdetarde.com\/index.php\/wp-json\/wp\/v2\/posts"}],"about":[{"href":"https:\/\/corrientesdetarde.com\/index.php\/wp-json\/wp\/v2\/types\/post"}],"author":[{"embeddable":true,"href":"https:\/\/corrientesdetarde.com\/index.php\/wp-json\/wp\/v2\/users\/6"}],"replies":[{"embeddable":true,"href":"https:\/\/corrientesdetarde.com\/index.php\/wp-json\/wp\/v2\/comments?post=73150"}],"version-history":[{"count":1,"href":"https:\/\/corrientesdetarde.com\/index.php\/wp-json\/wp\/v2\/posts\/73150\/revisions"}],"predecessor-version":[{"id":73152,"href":"https:\/\/corrientesdetarde.com\/index.php\/wp-json\/wp\/v2\/posts\/73150\/revisions\/73152"}],"wp:featuredmedia":[{"embeddable":true,"href":"https:\/\/corrientesdetarde.com\/index.php\/wp-json\/wp\/v2\/media\/73151"}],"wp:attachment":[{"href":"https:\/\/corrientesdetarde.com\/index.php\/wp-json\/wp\/v2\/media?parent=73150"}],"wp:term":[{"taxonomy":"category","embeddable":true,"href":"https:\/\/corrientesdetarde.com\/index.php\/wp-json\/wp\/v2\/categories?post=73150"},{"taxonomy":"post_tag","embeddable":true,"href":"https:\/\/corrientesdetarde.com\/index.php\/wp-json\/wp\/v2\/tags?post=73150"}],"curies":[{"name":"wp","href":"https:\/\/api.w.org\/{rel}","templated":true}]}}