{"id":73159,"date":"2023-07-12T09:22:06","date_gmt":"2023-07-12T12:22:06","guid":{"rendered":"https:\/\/corrientesdetarde.com\/?p=73159"},"modified":"2023-07-12T11:09:28","modified_gmt":"2023-07-12T14:09:28","slug":"los-colectivos-chaco-corrientes-circulan-con-normalidad","status":"publish","type":"post","link":"https:\/\/corrientesdetarde.com\/index.php\/informacion-general\/los-colectivos-chaco-corrientes-circulan-con-normalidad\/","title":{"rendered":"Los colectivos Chaco-Corrientes circulan con normalidad."},"content":{"rendered":"\n<h2 class=\"wp-block-heading\">Luego de casi seis d\u00edas de paro los colectivos Chaco-Corrientes de la empresa ERSA circulan con normalidad en tanto que ATACO ya ingres\u00f3 a la ciudad de Corrientes.<\/h2>\n\n\n\n<p>Durante la madrugada de este mi\u00e9rcoles los choferes autoconvocados de ERSA llegaron a un acuerdo con los empresarios y los referentes de UTA por lo que decidieron levantar la medida de fuerza que llevaba cerca de seis d\u00eda.<\/p>\n\n\n\n<figure class=\"wp-block-image\"><a href=\"https:\/\/www.radiosudamericana.com\/notix\/multimedia\/imagenes\/fotos\/2023-07-12\/101337.jpg\"><img decoding=\"async\" src=\"https:\/\/www.radiosudamericana.com\/notix\/multimedia\/imagenes\/fotos\/2023-07-12\/101337.jpg_nota.jpg\" alt=\"\"\/><\/a><\/figure>\n\n\n\n<p>Tras finalizar la reuni\u00f3n el servicio del transporte p\u00fablico de pasajeros se normaliz\u00f3 al igual que los colectivos Chaco-Corrientes, por su parte la empresa ATACO tambi\u00e9n ingres\u00f3 a la Capital correntina y circula con normalidad.<\/p>\n\n\n\n<figure class=\"wp-block-image\"><a href=\"https:\/\/www.radiosudamericana.com\/notix\/multimedia\/imagenes\/fotos\/2023-07-12\/545637.jpg\"><img decoding=\"async\" src=\"https:\/\/www.radiosudamericana.com\/notix\/multimedia\/imagenes\/fotos\/2023-07-12\/545637.jpg_nota.jpg\" alt=\"\"\/><\/a><\/figure>\n\n\n\n<p>Cabe aclarar que hasta el martes la empresa chaque\u00f1a recorr\u00eda desde las cabeceras en la ciudad de Resistencia y hasta la Ruta Nicol\u00e1s Avellaneda y Avenida San Mart\u00edn (Rotonda peaje).<\/p>\n","protected":false},"excerpt":{"rendered":"<p>Luego de casi seis d\u00edas de paro los colectivos Chaco-Corrientes de la empresa ERSA circulan con normalidad en tanto que ATACO ya ingres\u00f3 a la ciudad de Corrientes. Durante la&hellip; <\/p>\n","protected":false},"author":6,"featured_media":73161,"comment_status":"closed","ping_status":"open","sticky":false,"template":"","format":"standard","meta":{"footnotes":""},"categories":[1],"tags":[],"class_list":["post-73159","post","type-post","status-publish","format-standard","has-post-thumbnail","hentry","category-informacion-general"],"_links":{"self":[{"href":"https:\/\/corrientesdetarde.com\/index.php\/wp-json\/wp\/v2\/posts\/73159","targetHints":{"allow":["GET"]}}],"collection":[{"href":"https:\/\/corrientesdetarde.com\/index.php\/wp-json\/wp\/v2\/posts"}],"about":[{"href":"https:\/\/corrientesdetarde.com\/index.php\/wp-json\/wp\/v2\/types\/post"}],"author":[{"embeddable":true,"href":"https:\/\/corrientesdetarde.com\/index.php\/wp-json\/wp\/v2\/users\/6"}],"replies":[{"embeddable":true,"href":"https:\/\/corrientesdetarde.com\/index.php\/wp-json\/wp\/v2\/comments?post=73159"}],"version-history":[{"count":2,"href":"https:\/\/corrientesdetarde.com\/index.php\/wp-json\/wp\/v2\/posts\/73159\/revisions"}],"predecessor-version":[{"id":73179,"href":"https:\/\/corrientesdetarde.com\/index.php\/wp-json\/wp\/v2\/posts\/73159\/revisions\/73179"}],"wp:featuredmedia":[{"embeddable":true,"href":"https:\/\/corrientesdetarde.com\/index.php\/wp-json\/wp\/v2\/media\/73161"}],"wp:attachment":[{"href":"https:\/\/corrientesdetarde.com\/index.php\/wp-json\/wp\/v2\/media?parent=73159"}],"wp:term":[{"taxonomy":"category","embeddable":true,"href":"https:\/\/corrientesdetarde.com\/index.php\/wp-json\/wp\/v2\/categories?post=73159"},{"taxonomy":"post_tag","embeddable":true,"href":"https:\/\/corrientesdetarde.com\/index.php\/wp-json\/wp\/v2\/tags?post=73159"}],"curies":[{"name":"wp","href":"https:\/\/api.w.org\/{rel}","templated":true}]}}