{"id":73370,"date":"2023-07-12T20:10:15","date_gmt":"2023-07-12T23:10:15","guid":{"rendered":"https:\/\/corrientesdetarde.com\/?p=73370"},"modified":"2023-07-12T20:10:37","modified_gmt":"2023-07-12T23:10:37","slug":"la-serie-los-simuladores-fue-declarada-de-interes-cultural-por-la-legislatura-portena","status":"publish","type":"post","link":"https:\/\/corrientesdetarde.com\/index.php\/cultura\/la-serie-los-simuladores-fue-declarada-de-interes-cultural-por-la-legislatura-portena\/","title":{"rendered":"La serie &#8220;Los Simuladores&#8221; fue declarada de &#8220;inter\u00e9s cultural&#8221; por la Legislatura porte\u00f1a"},"content":{"rendered":"\n<p>La serie &#8220;Los simuladores&#8221;, creada por<strong>\u00a0Dami\u00e1n Szifr\u00f3n<\/strong>\u00a0y protagonizada por\u00a0<strong>Diego Peretti, Federico D&#8217;El\u00eda, Alejandro Fiore y Mart\u00edn Seefeld<\/strong><mark style=\"background-color:#ffffff\" class=\"has-inline-color\"><strong>\u00a0<\/strong>\u00a0<\/mark><mark><strong><mark style=\"background-color:#ffffff\" class=\"has-inline-color\">fue declarada en el d\u00eda de hoy como de &#8220;inter\u00e9s Cultural&#8221; por la Legislatura porte\u00f1a.\u00a0<\/mark><\/strong><\/mark><\/p>\n\n\n\n<figure class=\"wp-block-image\"><img decoding=\"async\" src=\"https:\/\/assets.dev-filo.dift.io\/img\/2023\/07\/12\/64af148225b9a_12004749_.jpg\" alt=\"\"\/><\/figure>\n\n\n\n<p>Foto: T\u00e9lam | Osvaldo Fanton<\/p>\n\n\n\n<p>El acto, organizado por el legislador Mat\u00edas L\u00f3pez en el sal\u00f3n Dorado del Parlamento porte\u00f1o, cont\u00f3 tambi\u00e9n con la presencia de amigos y familiares de los homenajeados, as\u00ed como tambi\u00e9n participaron Claudio Villaruel y Bernarda Llorente, a cargo de la direcci\u00f3n art\u00edstica y programaci\u00f3n de Telef\u00e9 en 2002 y 2003, a\u00f1os en que se emitieron las dos temporadas.<\/p>\n\n\n\n<figure class=\"wp-block-embed is-type-rich is-provider-twitter wp-block-embed-twitter\"><div class=\"wp-block-embed__wrapper\">\n<blockquote class=\"twitter-tweet\" data-width=\"550\" data-dnt=\"true\"><p lang=\"es\" dir=\"ltr\">VUELVEN \ud83d\udd75\ufe0f\u200d\u2642\ufe0f <a href=\"https:\/\/twitter.com\/ParamountPlusLA?ref_src=twsrc%5Etfw\">@ParamountPlusLA<\/a> anuncia el regreso de <a href=\"https:\/\/twitter.com\/hashtag\/LosSimuladores?src=hash&amp;ref_src=twsrc%5Etfw\">#LosSimuladores<\/a> \ud83c\udfac Mario Santos, Pablo Lamponne, Emilio Ravenna y Gabriel Medina como nunca los viste: en la pantalla grande. 2024 en Cines. Una pel\u00edcula de Dami\u00e1n Szifron <a href=\"https:\/\/t.co\/AG9tuRSTUl\">pic.twitter.com\/AG9tuRSTUl<\/a><\/p>&mdash; Los Simuladores (@Los_Simuladores) <a href=\"https:\/\/twitter.com\/Los_Simuladores\/status\/1504893221067005966?ref_src=twsrc%5Etfw\">March 18, 2022<\/a><\/blockquote><script async src=\"https:\/\/platform.twitter.com\/widgets.js\" charset=\"utf-8\"><\/script>\n<\/div><\/figure>\n\n\n\n<p>La ceremonia comenz\u00f3 con la proyecci\u00f3n de un video con im\u00e1genes de los actores que encarnaron los personajes de Mario Santos, Pablo Lamponne, Emilio Ravenna y Gabriel Medina y finaliz\u00f3 con la placa de lo que se viene para el 2024.&nbsp;<\/p>\n\n\n\n<p><mark><mark style=\"background-color:#ffffff\" class=\"has-inline-color has-black-color\">El reconocimiento se da a 20 a\u00f1os del estreno de la serie que debut\u00f3 en Telefe<\/mark><\/mark><mark style=\"background-color:rgba(0, 0, 0, 0)\" class=\"has-inline-color has-black-color\">:<\/mark> \u201cNo es f\u00e1cil abordar ciertos temas en nuestra sociedad y creo que uno de los grandes desaf\u00edos que debemos destacar fue la habilidad para tocar temas tab\u00faes o sensibles con una combinaci\u00f3n de humor, seriedad y respeto, que logr\u00f3 visibilizar muchas cuestiones sociales hace 20 a\u00f1os atr\u00e1s que hoy no pierden actualidad\u201d, destac\u00f3 el legislador Mat\u00edas L\u00f3pez.<\/p>\n\n\n\n<figure class=\"wp-block-image\"><img decoding=\"async\" src=\"https:\/\/assets.dev-filo.dift.io\/img\/2023\/07\/12\/64af1e6b43772_1200_(1)1361_.jpg\" alt=\"\"\/><\/figure>\n\n\n\n<p>Foto: T\u00e9lam | Osvaldo Fanton<\/p>\n\n\n\n<p>El texto del proyecto que declara de \u201cInter\u00e9s Cultural\u201d a la serie asegura que \u201ccon altas dosis de suspenso, ingenio y humor, Los Simuladores indagaron a fondo en temas como la corrupci\u00f3n, el desempleo, la violencia de g\u00e9nero, los trastornos alimenticios, la desigualdad econ\u00f3mica y el abuso corporativo, entre otros\u201d.&nbsp;<\/p>\n\n\n\n<p>Al tiempo que destaca su vigencia: &nbsp;&#8220;A pesar de cumplirse veinte a\u00f1os desde su primera emisi\u00f3n, el abordaje de los temas representados contin\u00faa revistiendo una asombrosa actualidad\u201d.<\/p>\n","protected":false},"excerpt":{"rendered":"<p>La serie &#8220;Los simuladores&#8221;, creada por\u00a0Dami\u00e1n Szifr\u00f3n\u00a0y protagonizada por\u00a0Diego Peretti, Federico D&#8217;El\u00eda, Alejandro Fiore y Mart\u00edn Seefeld\u00a0\u00a0fue declarada en el d\u00eda de hoy como de &#8220;inter\u00e9s Cultural&#8221; por la Legislatura&hellip; <\/p>\n","protected":false},"author":1,"featured_media":73371,"comment_status":"closed","ping_status":"open","sticky":false,"template":"","format":"standard","meta":{"footnotes":""},"categories":[15,19],"tags":[],"class_list":["post-73370","post","type-post","status-publish","format-standard","has-post-thumbnail","hentry","category-cultura","category-espectaculos"],"_links":{"self":[{"href":"https:\/\/corrientesdetarde.com\/index.php\/wp-json\/wp\/v2\/posts\/73370","targetHints":{"allow":["GET"]}}],"collection":[{"href":"https:\/\/corrientesdetarde.com\/index.php\/wp-json\/wp\/v2\/posts"}],"about":[{"href":"https:\/\/corrientesdetarde.com\/index.php\/wp-json\/wp\/v2\/types\/post"}],"author":[{"embeddable":true,"href":"https:\/\/corrientesdetarde.com\/index.php\/wp-json\/wp\/v2\/users\/1"}],"replies":[{"embeddable":true,"href":"https:\/\/corrientesdetarde.com\/index.php\/wp-json\/wp\/v2\/comments?post=73370"}],"version-history":[{"count":1,"href":"https:\/\/corrientesdetarde.com\/index.php\/wp-json\/wp\/v2\/posts\/73370\/revisions"}],"predecessor-version":[{"id":73372,"href":"https:\/\/corrientesdetarde.com\/index.php\/wp-json\/wp\/v2\/posts\/73370\/revisions\/73372"}],"wp:featuredmedia":[{"embeddable":true,"href":"https:\/\/corrientesdetarde.com\/index.php\/wp-json\/wp\/v2\/media\/73371"}],"wp:attachment":[{"href":"https:\/\/corrientesdetarde.com\/index.php\/wp-json\/wp\/v2\/media?parent=73370"}],"wp:term":[{"taxonomy":"category","embeddable":true,"href":"https:\/\/corrientesdetarde.com\/index.php\/wp-json\/wp\/v2\/categories?post=73370"},{"taxonomy":"post_tag","embeddable":true,"href":"https:\/\/corrientesdetarde.com\/index.php\/wp-json\/wp\/v2\/tags?post=73370"}],"curies":[{"name":"wp","href":"https:\/\/api.w.org\/{rel}","templated":true}]}}