{"id":73566,"date":"2023-07-13T21:55:44","date_gmt":"2023-07-14T00:55:44","guid":{"rendered":"https:\/\/corrientesdetarde.com\/?p=73566"},"modified":"2023-07-13T21:55:48","modified_gmt":"2023-07-14T00:55:48","slug":"franco-rinaldi-tras-la-polemica-renuncio-a-su-candidatura","status":"publish","type":"post","link":"https:\/\/corrientesdetarde.com\/index.php\/nacionales\/franco-rinaldi-tras-la-polemica-renuncio-a-su-candidatura\/","title":{"rendered":"Franco Rinaldi: tras la pol\u00e9mica, renunci\u00f3 a su candidatura"},"content":{"rendered":"\n<p>(Corresponsal\u00eda Buenos Aires) <\/p>\n\n\n\n<p>&#8220;Bueno, esto se puso demasiado complicado y quiero ahorrarle sufrimiento a mi familia, y no quiero ser un estorbo para nadie, mucho menos para Jorge Macri, de quien no dudo ser\u00e1 un extraordinario jefe de Gobierno de la Ciudad. Para no perjudicarlo a \u00e9l y a todo el equipo que confi\u00f3 en m\u00ed, quiero contarles que renuncio a mi candidatura a diputado porte\u00f1o&#8221;. Franco Rinaldi, quien hasta hace minutos encabezaba la lista de precandidatos de dipupados de la Ciudad de Buenos Aires del PRO, comienza su posteo en la red social Twitter a trav\u00e9s de la cual anunci\u00f3 que declina esa postulaci\u00f3n.<br>Licenciado en Ciencias Pol\u00edticas y periodista, Rinaldi se desarroll\u00f3 tambi\u00e9n como consultor aeron\u00e1utico y youtuber\u2026 Y fue justamente esta \u00faltima actividad la que parece haber clausurado abruptamente -\u00bfy moment\u00e1neamente?- su naciente carrera pol\u00edtica. La viralizaci\u00f3n de expresiones muy pol\u00e9micas sobre la mosexualidad, los barrios carenciados y sus habitantes y el juda\u00edsmo generaron una pol\u00e9mica que filtr\u00f3 puertas adentro de la alianza a la que pertenece: Juntos por el Cambio.<br>Esta es la explicaci\u00f3n que dio al respecto Rinaldi en su cuenta de Twitter @FrancoVRinaldi: &#8220;Me duele en el alma tomar esta decisi\u00f3n, porque creo que los ataques son injustos, oportunistas, impostados, y que su \u00fanico objetivo es perjudicar a la lista rival. Yo ya dije lo que pienso de aquellos recortes de videos y ped\u00ed disculpas. Me ofende profundamente que me digan que soy homof\u00f3bico o antisemita, nada pero nada m\u00e1s lejos de m\u00ed, pero m\u00e1s no puedo hacer. Son ataques muy grandes construidos con mucho dinero que un d\u00eda deber\u00e1n explicar&#8221;.<br>En 2021, Rinaldi se hab\u00eda presentado como precandidato a diputado en Republicanos Unidos, el frente liberal del exministro de Econom\u00eda Ricardo L\u00f3pez Murphy. Pero no result\u00f3 electo. Ahora, el precandidato a Jefe de Gobierno del PRO, Jorge Macri, lo hab\u00eda convocado como cabeza de lista de diputados de la Ciudad de Buenos Aires, con lo que su ingreso a la Legislatura porte\u00f1a era casi un hecho. En otro p\u00e1rrafo de su largo posteo se dirigi\u00f3 espec\u00edficamente a su nuevo jefe pol\u00edtico.<br>&#8220;Pero creo que a esta altura es mucho pedir que Jorge me sostenga, porque el fondo de la cuesti\u00f3n es otro. La discusi\u00f3n es otra. Me estoy volviendo una carga para la campa\u00f1a, y esto no hace m\u00e1s que beneficiar a los instigadores, que son tambi\u00e9n nuestros competidores.&#8221;<br>Rinaldi concluy\u00f3: &#8220;Ya est\u00e1. Esta pol\u00edtica es as\u00ed y seguir\u00e9 dando la batalla por la libertad y la Constituci\u00f3n en el lugar que me toque. Un agradecimiento a Jorge por haber pensado en m\u00ed y a todos los que se alegraron por verme en la lista. Seguir\u00e9 luchando, como hice toda mi vida. Nos vemos pronto.&#8221;<\/p>\n","protected":false},"excerpt":{"rendered":"<p>(Corresponsal\u00eda Buenos Aires) &#8220;Bueno, esto se puso demasiado complicado y quiero ahorrarle sufrimiento a mi familia, y no quiero ser un estorbo para nadie, mucho menos para Jorge Macri, de&hellip; <\/p>\n","protected":false},"author":11,"featured_media":73567,"comment_status":"closed","ping_status":"open","sticky":false,"template":"","format":"standard","meta":{"footnotes":""},"categories":[10],"tags":[],"class_list":["post-73566","post","type-post","status-publish","format-standard","has-post-thumbnail","hentry","category-nacionales"],"_links":{"self":[{"href":"https:\/\/corrientesdetarde.com\/index.php\/wp-json\/wp\/v2\/posts\/73566","targetHints":{"allow":["GET"]}}],"collection":[{"href":"https:\/\/corrientesdetarde.com\/index.php\/wp-json\/wp\/v2\/posts"}],"about":[{"href":"https:\/\/corrientesdetarde.com\/index.php\/wp-json\/wp\/v2\/types\/post"}],"author":[{"embeddable":true,"href":"https:\/\/corrientesdetarde.com\/index.php\/wp-json\/wp\/v2\/users\/11"}],"replies":[{"embeddable":true,"href":"https:\/\/corrientesdetarde.com\/index.php\/wp-json\/wp\/v2\/comments?post=73566"}],"version-history":[{"count":1,"href":"https:\/\/corrientesdetarde.com\/index.php\/wp-json\/wp\/v2\/posts\/73566\/revisions"}],"predecessor-version":[{"id":73568,"href":"https:\/\/corrientesdetarde.com\/index.php\/wp-json\/wp\/v2\/posts\/73566\/revisions\/73568"}],"wp:featuredmedia":[{"embeddable":true,"href":"https:\/\/corrientesdetarde.com\/index.php\/wp-json\/wp\/v2\/media\/73567"}],"wp:attachment":[{"href":"https:\/\/corrientesdetarde.com\/index.php\/wp-json\/wp\/v2\/media?parent=73566"}],"wp:term":[{"taxonomy":"category","embeddable":true,"href":"https:\/\/corrientesdetarde.com\/index.php\/wp-json\/wp\/v2\/categories?post=73566"},{"taxonomy":"post_tag","embeddable":true,"href":"https:\/\/corrientesdetarde.com\/index.php\/wp-json\/wp\/v2\/tags?post=73566"}],"curies":[{"name":"wp","href":"https:\/\/api.w.org\/{rel}","templated":true}]}}