{"id":73571,"date":"2023-07-13T22:50:45","date_gmt":"2023-07-14T01:50:45","guid":{"rendered":"https:\/\/corrientesdetarde.com\/?p=73571"},"modified":"2023-07-13T22:50:50","modified_gmt":"2023-07-14T01:50:50","slug":"vacaciones-de-invierno-con-propuestasgratuitas-y-para-todas-las-edades","status":"publish","type":"post","link":"https:\/\/corrientesdetarde.com\/index.php\/locales\/vacaciones-de-invierno-con-propuestasgratuitas-y-para-todas-las-edades\/","title":{"rendered":"<strong>Vacaciones de invierno con propuestas<br>gratuitas y para todas las edades<\/strong>"},"content":{"rendered":"\n<p><em>Espect\u00e1culos, ferias, actividades l\u00fadicas y deportivas para los m\u00e1s chicos, son algunas de las iniciativas preparadas por la Municipalidad de Corrientes para que vecinos y turistas disfruten este fin de semana. En la XIII Feria Provincial del Libro, en la Ex Usina, habr\u00e1 m\u00fasica en vivo, disertaciones y homenajes. Las pe\u00f1as ser\u00e1n una de las atractivas opciones para escuchar y bailar chamam\u00e9.<\/em><\/p>\n\n\n\n<p>Como cada fin de semana, la Municipalidad de la ciudad de Corrientes, diagram\u00f3 una serie de actividades para todo p\u00fablico como parte de la oferta por el receso invernal. Desde propuestas deportivas hasta l\u00fadicas, musicales y gastron\u00f3micas ser\u00e1n de la partida durante estos d\u00edas.<\/p>\n\n\n\n<figure class=\"wp-block-image size-large\"><img loading=\"lazy\" decoding=\"async\" width=\"1024\" height=\"682\" src=\"https:\/\/corrientesdetarde.com\/wp-content\/uploads\/2023\/07\/image-451-1024x682.png\" alt=\"\" class=\"wp-image-73572\" srcset=\"https:\/\/corrientesdetarde.com\/wp-content\/uploads\/2023\/07\/image-451-1024x682.png 1024w, https:\/\/corrientesdetarde.com\/wp-content\/uploads\/2023\/07\/image-451-300x200.png 300w, https:\/\/corrientesdetarde.com\/wp-content\/uploads\/2023\/07\/image-451-768x512.png 768w, https:\/\/corrientesdetarde.com\/wp-content\/uploads\/2023\/07\/image-451.png 1280w\" sizes=\"auto, (max-width: 1024px) 100vw, 1024px\" \/><\/figure>\n\n\n\n<p><br><br>La Feria de Artesanos tendr\u00e1 lugar este viernes 14, de 9 a 22, en la plaza Cabral, en tanto que el s\u00e1bado y domingo se trasladar\u00e1 a la avenida Costanera Sur y calle Las Heras, en el mismo horario. En el lugar se pueden encontrar objetos totalmente artesanales para obsequiar o regalarse adem\u00e1s de plantas, juguetes, productos para ornamentar el hogar y muchas propuestas m\u00e1s.<br><br>Hasta el s\u00e1bado se lleva a cabo el Campeonato Argentino de \u201cMaxi B\u00e1squet Femenino\u201d, de 9 a 22, en el Club de Regatas Corrientes. Una competencia que inici\u00f3 el \u00a0lunes 10, con m\u00e1s de 450 mujeres participando que representar\u00e1n al pa\u00eds en el Mundial a realizarse en la ciudad de Mar del Plata, durante el mes de septiembre.<br><br>Asimismo, en el marco de estas vacaciones de invierno, durante este s\u00e1bado se desarrollar\u00e1 la segunda jornada de la \u201cEscuela de Atletismo\u201d, desde las 9, en el parque Camb\u00e1 Cu\u00e1. En esta oportunidad, los chicos de 4 a 12 a\u00f1os podr\u00e1n disfrutar de una actividad de Cross Country.<\/p>\n\n\n\n<figure class=\"wp-block-image size-large\"><img loading=\"lazy\" decoding=\"async\" width=\"1024\" height=\"682\" src=\"https:\/\/corrientesdetarde.com\/wp-content\/uploads\/2023\/07\/image-452-1024x682.png\" alt=\"\" class=\"wp-image-73573\" srcset=\"https:\/\/corrientesdetarde.com\/wp-content\/uploads\/2023\/07\/image-452-1024x682.png 1024w, https:\/\/corrientesdetarde.com\/wp-content\/uploads\/2023\/07\/image-452-300x200.png 300w, https:\/\/corrientesdetarde.com\/wp-content\/uploads\/2023\/07\/image-452-768x512.png 768w, https:\/\/corrientesdetarde.com\/wp-content\/uploads\/2023\/07\/image-452.png 1280w\" sizes=\"auto, (max-width: 1024px) 100vw, 1024px\" \/><\/figure>\n\n\n\n<p><br><br>El s\u00e1bado 15 de julio, a las 19, en el centro cultural Adolfo Mors ubicado en Carlos Pellegrini 542 se realizar\u00e1 la presentaci\u00f3n del libro y desfile \u201c\u00b4Kiarkier&#8217;, llegada a la tierra\u201d. Acompa\u00f1ar\u00e1 esta presentaci\u00f3n un desfile de moda a cargo de la dise\u00f1adora Puppe Ubeda y como artistas invitados Avelino N\u00fa\u00f1ez Sainar y Teresa Llano.<br><br>PE\u00d1A DEL ARTE<br><br>El s\u00e1bado, a partir de las 16, en el Paseo Universitario del parque Mitre se llevar\u00e1 adelante la cl\u00e1sica \u201cPe\u00f1a del Arte\u201d con feria gastron\u00f3mica y de emprendedores. Actuar\u00e1n en esta oportunidad, \u00a0Gabriel Chama, Los Matai del Chamam\u00e9, \u00a0Daianita Galeano y King &#8220;D&#8221; (urbano).<br><br>El domingo 16 de julio, a partir de las 18, en la rotonda de plaza Espa\u00f1a (Av. Pujol entre Roca y C. Pellegrini) tendr\u00e1 lugar una nueva edici\u00f3n de la Pe\u00f1a Oficial de la ciudad. Actuar\u00e1n en esta ocasi\u00f3n: Los Puros del Chamam\u00e9, Mbokajah, Juventud Chamamecera, Tallar\u00edn y sus Espuelas del Litoral y el conjunto San Antonio.<br><br>PRESENCIA EN LA FERIA DEL LIBRO<br><br>Durante todo el fin de semana en el stand municipal en la XIII Feria Provincial del Libro habr\u00e1 disertaciones e intervenciones art\u00edsticas. La cita ser\u00e1 en la Ex Usina (Av. Costanera y Edison), desde las 14.<br><br>El viernes 14 de julio, a las 20, habr\u00e1 un show de Aguamiel en el Escenario Emergente. En tanto, en el marco del 250 Aniversario del nacimiento de Amado Bonpland, el s\u00e1bado 15 de julio, de 16 a 18, se presentar\u00e1n im\u00e1genes audiovisuales de los trabajos realizados por el bot\u00e1nico.<br><br>A las 18.30, se llevar\u00e1 adelante un homenaje a los historiadores fallecidos: Lic. Federico Ram\u00f3n Rainero, Dr. Miguel Ra\u00fal L\u00f3pez Breard , y Dr. Carlos Mar\u00eda Vargas G\u00f3mez.<br><br>Con el auspicio de la Junta de Historia de la Provincia de Corrientes, en el \u00a0Auditorio 1983 disertar\u00e1n: Leonardo Moglia, Carlos Lezcano y Jorge Enrique Deniri.<br><br>El domingo 16, de 17 a 18, se realizar\u00e1 el conversatorio biling\u00fce \u201cPizarra guaran\u00ed\u201d con la presentaci\u00f3n del libro \u201cAntolog\u00eda Po\u00e9tica\u201d de Eugenia Rojas.<br><br>A las 20, en el marco del Homenaje a Luis Landriscina, en el stand institucional se presentar\u00e1: \u201cCorrientes Baila: Talento, creatividad y profesionalismo&#8221;, \u00a0habr\u00e1 artistas invitados y los ganadores de la competencia, quienes deleitar\u00e1n al p\u00fablico con algunas danzas.<br><br>En tanto, en el Escenario Emergente, se presentar\u00e1 \u201cCrew Ctes.\u201d- freestyle con interacci\u00f3n del p\u00fablico. A partir de las 20 estar\u00e1n: Brendita Hip-hop, \u00a0Chizzo, \u00a0Dj Champa, \u00a0Dj Tom\u00e1s Almir\u00f3n + Desertor (graffiti en vivo).<br><br>Cabe se\u00f1alar que en el ingreso al predio de la Ex Usina est\u00e1 ubicado el stand de Turismo de la ciudad de Corrientes\u00a0que brinda informaci\u00f3n de inter\u00e9s a los visitantes, promocionando los atractivos y eventos m\u00e1s importantes que tienen lugar en la Capital.\u00a0<\/p>\n\n\n\n<figure class=\"wp-block-image size-large\"><img loading=\"lazy\" decoding=\"async\" width=\"1024\" height=\"682\" src=\"https:\/\/corrientesdetarde.com\/wp-content\/uploads\/2023\/07\/image-453-1024x682.png\" alt=\"\" class=\"wp-image-73574\" srcset=\"https:\/\/corrientesdetarde.com\/wp-content\/uploads\/2023\/07\/image-453-1024x682.png 1024w, https:\/\/corrientesdetarde.com\/wp-content\/uploads\/2023\/07\/image-453-300x200.png 300w, https:\/\/corrientesdetarde.com\/wp-content\/uploads\/2023\/07\/image-453-768x512.png 768w, https:\/\/corrientesdetarde.com\/wp-content\/uploads\/2023\/07\/image-453.png 1280w\" sizes=\"auto, (max-width: 1024px) 100vw, 1024px\" \/><\/figure>\n","protected":false},"excerpt":{"rendered":"<p>Espect\u00e1culos, ferias, actividades l\u00fadicas y deportivas para los m\u00e1s chicos, son algunas de las iniciativas preparadas por la Municipalidad de Corrientes para que vecinos y turistas disfruten este fin de&hellip; <\/p>\n","protected":false},"author":1,"featured_media":73575,"comment_status":"closed","ping_status":"open","sticky":false,"template":"","format":"standard","meta":{"footnotes":""},"categories":[8],"tags":[],"class_list":["post-73571","post","type-post","status-publish","format-standard","has-post-thumbnail","hentry","category-locales"],"_links":{"self":[{"href":"https:\/\/corrientesdetarde.com\/index.php\/wp-json\/wp\/v2\/posts\/73571","targetHints":{"allow":["GET"]}}],"collection":[{"href":"https:\/\/corrientesdetarde.com\/index.php\/wp-json\/wp\/v2\/posts"}],"about":[{"href":"https:\/\/corrientesdetarde.com\/index.php\/wp-json\/wp\/v2\/types\/post"}],"author":[{"embeddable":true,"href":"https:\/\/corrientesdetarde.com\/index.php\/wp-json\/wp\/v2\/users\/1"}],"replies":[{"embeddable":true,"href":"https:\/\/corrientesdetarde.com\/index.php\/wp-json\/wp\/v2\/comments?post=73571"}],"version-history":[{"count":1,"href":"https:\/\/corrientesdetarde.com\/index.php\/wp-json\/wp\/v2\/posts\/73571\/revisions"}],"predecessor-version":[{"id":73576,"href":"https:\/\/corrientesdetarde.com\/index.php\/wp-json\/wp\/v2\/posts\/73571\/revisions\/73576"}],"wp:featuredmedia":[{"embeddable":true,"href":"https:\/\/corrientesdetarde.com\/index.php\/wp-json\/wp\/v2\/media\/73575"}],"wp:attachment":[{"href":"https:\/\/corrientesdetarde.com\/index.php\/wp-json\/wp\/v2\/media?parent=73571"}],"wp:term":[{"taxonomy":"category","embeddable":true,"href":"https:\/\/corrientesdetarde.com\/index.php\/wp-json\/wp\/v2\/categories?post=73571"},{"taxonomy":"post_tag","embeddable":true,"href":"https:\/\/corrientesdetarde.com\/index.php\/wp-json\/wp\/v2\/tags?post=73571"}],"curies":[{"name":"wp","href":"https:\/\/api.w.org\/{rel}","templated":true}]}}