{"id":7362,"date":"2022-09-30T10:31:21","date_gmt":"2022-09-30T13:31:21","guid":{"rendered":"https:\/\/corrientesdetarde.com\/?p=7362"},"modified":"2022-09-30T10:31:26","modified_gmt":"2022-09-30T13:31:26","slug":"correntinos-contra-el-cambio-climatico-te-invitan-a-formar-parte-de-un-momento-historico","status":"publish","type":"post","link":"https:\/\/corrientesdetarde.com\/index.php\/medio-ambiente\/correntinos-contra-el-cambio-climatico-te-invitan-a-formar-parte-de-un-momento-historico\/","title":{"rendered":"<strong>CORRENTINOS CONTRA EL CAMBIO CLIM\u00c1TICO TE INVITAN A FORMAR PARTE DE UN MOMENTO HIST\u00d3RICO&nbsp;<\/strong>"},"content":{"rendered":"\n<p>El movimiento juvenil activista de CORRENTINOS CONTRA EL CAMBIO CLIM\u00c1TICO, invitan a los j\u00f3venes de entre 16 a 35 a\u00f1os a sumarse a participar de la Cumbre Clim\u00e1tica de las Juventudes  que se llevar\u00e1 a cabo\u00a0 en esta ciudad de Corrientes, el 8, 9 y 10 de octubre.\u00a0<\/p>\n\n\n\n<p>Se convoca a j\u00f3venes de todo el pa\u00eds&nbsp; con el objetivo de debatir y generar un documento denominado &#8220;Declaraci\u00f3n Clim\u00e1tica de las Juventudes Argentina&#8221;.<\/p>\n\n\n\n<p>Se llevar\u00e1n adelante talleres de formaci\u00f3n en materia ambiental, actividades art\u00edsticas culturales y espacio de debate con j\u00f3venes activistas de todo el pa\u00eds expondr\u00e1n m\u00e1s de 25 disertantes de renombre en 6 paneles (activismo ambiental, legislaci\u00f3n y pol\u00edticas ambientales, restauraci\u00f3n ecol\u00f3gica, alimentaci\u00f3n consciente y soberana, g\u00e9nero y ambiente, y transiciones energ\u00e9ticas).<\/p>\n\n\n\n<p><strong>Link de inscripci\u00f3n: <\/strong><a href=\"https:\/\/docs.google.com\/forms\/d\/10t8Y9Z6Pagyj3Y9zXnkkd_B1VnhSr5YilEMjuEXZg_w\/edit\"><strong>https:\/\/docs.google.com\/forms\/d\/10t8Y9Z6Pagyj3Y9zXnkkd_B1VnhSr5YilEMjuEXZg_w\/edit<\/strong><\/a><\/p>\n\n\n\n<div data-wp-interactive=\"core\/file\" class=\"wp-block-file\"><object data-wp-bind--hidden=\"!state.hasPdfPreview\" hidden class=\"wp-block-file__embed\" data=\"https:\/\/corrientesdetarde.com\/wp-content\/uploads\/2022\/09\/Cronograma-LCOY-1.pdf\" type=\"application\/pdf\" style=\"width:100%;height:600px\" aria-label=\"Incrustado de Incrustado de Cronograma-LCOY-1..\"><\/object><a id=\"wp-block-file--media-48a5e815-c279-4b7e-813f-7b4fd1b33ce7\" href=\"https:\/\/corrientesdetarde.com\/wp-content\/uploads\/2022\/09\/Cronograma-LCOY-1.pdf\">Cronograma-LCOY-1<\/a><a href=\"https:\/\/corrientesdetarde.com\/wp-content\/uploads\/2022\/09\/Cronograma-LCOY-1.pdf\" class=\"wp-block-file__button\" download aria-describedby=\"wp-block-file--media-48a5e815-c279-4b7e-813f-7b4fd1b33ce7\">Descarga<\/a><\/div>\n","protected":false},"excerpt":{"rendered":"<p>El movimiento juvenil activista de CORRENTINOS CONTRA EL CAMBIO CLIM\u00c1TICO, invitan a los j\u00f3venes de entre 16 a 35 a\u00f1os a sumarse a participar de la Cumbre Clim\u00e1tica de las&hellip; <\/p>\n","protected":false},"author":1,"featured_media":0,"comment_status":"closed","ping_status":"open","sticky":false,"template":"","format":"standard","meta":{"footnotes":""},"categories":[6],"tags":[],"class_list":["post-7362","post","type-post","status-publish","format-standard","hentry","category-medio-ambiente"],"_links":{"self":[{"href":"https:\/\/corrientesdetarde.com\/index.php\/wp-json\/wp\/v2\/posts\/7362","targetHints":{"allow":["GET"]}}],"collection":[{"href":"https:\/\/corrientesdetarde.com\/index.php\/wp-json\/wp\/v2\/posts"}],"about":[{"href":"https:\/\/corrientesdetarde.com\/index.php\/wp-json\/wp\/v2\/types\/post"}],"author":[{"embeddable":true,"href":"https:\/\/corrientesdetarde.com\/index.php\/wp-json\/wp\/v2\/users\/1"}],"replies":[{"embeddable":true,"href":"https:\/\/corrientesdetarde.com\/index.php\/wp-json\/wp\/v2\/comments?post=7362"}],"version-history":[{"count":1,"href":"https:\/\/corrientesdetarde.com\/index.php\/wp-json\/wp\/v2\/posts\/7362\/revisions"}],"predecessor-version":[{"id":7373,"href":"https:\/\/corrientesdetarde.com\/index.php\/wp-json\/wp\/v2\/posts\/7362\/revisions\/7373"}],"wp:attachment":[{"href":"https:\/\/corrientesdetarde.com\/index.php\/wp-json\/wp\/v2\/media?parent=7362"}],"wp:term":[{"taxonomy":"category","embeddable":true,"href":"https:\/\/corrientesdetarde.com\/index.php\/wp-json\/wp\/v2\/categories?post=7362"},{"taxonomy":"post_tag","embeddable":true,"href":"https:\/\/corrientesdetarde.com\/index.php\/wp-json\/wp\/v2\/tags?post=7362"}],"curies":[{"name":"wp","href":"https:\/\/api.w.org\/{rel}","templated":true}]}}