{"id":73625,"date":"2023-07-14T10:32:15","date_gmt":"2023-07-14T13:32:15","guid":{"rendered":"https:\/\/corrientesdetarde.com\/?p=73625"},"modified":"2023-07-14T10:34:14","modified_gmt":"2023-07-14T13:34:14","slug":"jaqueada-por-el-bajo-rating-y-su-pasado-anti-scaloneta-espn-piensa-en-fuertes-cambios-de-figuras","status":"publish","type":"post","link":"https:\/\/corrientesdetarde.com\/index.php\/destacados\/jaqueada-por-el-bajo-rating-y-su-pasado-anti-scaloneta-espn-piensa-en-fuertes-cambios-de-figuras\/","title":{"rendered":"Jaqueada por el bajo rating y su pasado anti scaloneta, ESPN piensa en fuertes cambios de figuras"},"content":{"rendered":"\n<p>La audiencia no est\u00e1 acompa\u00f1ando a ESPN y esto, sumado a que sobre muchas caras de la se\u00f1al -que pertenece al grupo Disney- cargan con el haberle jugado en contra a la Selecci\u00f3n de Lionel Scaloni y al presidente de la AFA,Claudio &#8220;Chiqui&#8221; Tapia, genera tensiones en el canal deportivo con sus figuras m\u00e1s relevantes.<br>Antes de la Copa Am\u00e9rica 2021, que termin\u00f3 ganando la Scaloneta, los conductores de ESPN, sus cronistas y productores no disimularon su oposici\u00f3n al jefe de la AFA y su elegido para dirigir la Selecci\u00f3n. Por eso ahora, de cara a la pr\u00f3xima edici\u00f3n de la copa continental en 2024, en Estados Unidos, ESPN piensa llevar adelante un &#8220;lavado de cara&#8221; o, directamente, un cambio de caras.<br>La informaci\u00f3n, que se condens\u00f3 en una nota de eldetapeweb, recoge los testimonios de Flavio Azzaro y Gonzalo Cardozo revelaron en sus respectivos perfiles de YouTube que se vienen modificaciones trascendentes en la se\u00f1al que tiene a Sebasti\u00e1n &#8220;Pollo&#8221; Vignolo y Mariano Closs como las principales estrellas desde lo period\u00edstico. La intenci\u00f3n es &#8220;cambiar la onda&#8221; con los hinchas del Seleccionado y comenzar a generar un v\u00ednculo afectivo con ellos, en especial con los m\u00e1s j\u00f3venes.<br>La novedad m\u00e1s fuerte es que ESPN ir\u00eda por Gast\u00f3n Edul, el principal cronista de la Selecci\u00f3n Argentina en TyC Sports, canal del Grupo Clar\u00edn. Si bien la propuesta es contundente desde lo econ\u00f3mico, por ahora el periodista continuar\u00e1 en su lugar actual m\u00e1s all\u00e1 de que en ESPN est\u00e1 su hermano Esteban, otro ex-TyC.<br>De acuerdo con Azzaro y Cardozo, la intenci\u00f3n del principal productor Juan Cruz \u00c1vila es &#8220;cambiar las caras&#8221; durante todo el d\u00eda para atraer a un p\u00fablico que se les est\u00e1 yendo. De hecho F90, el programa del Pollo Vignolo, promedia menos de un punto de rating. Como les sali\u00f3 mal la &#8220;operaci\u00f3n&#8221; contra Scaloni y Tapia para debilitar a &#8220;Chiqui&#8221;, poner a otro presidente en la AFA y quedarse as\u00ed con los partidos del Seleccionado que le pertenecen a Clar\u00edn, ahora no les queda otra alternativa que congraciarse con aquellos que ya directamente no los miran.<br>La voluntad de la se\u00f1al de Disney es reemplazar a las estrellas actuales por otras m\u00e1s j\u00f3venes y generar otros productos m\u00e1s acordes a la actualidad: con el formato de streaming, los sillones y los micr\u00f3fonos que utilizan los influencers. Para ello, anhelan un flamante ciclo conducido por Mart\u00edn Souto, acompa\u00f1ado por Esteban Edul y por tres mujeres de la nueva generaci\u00f3n: Morena Beltr\u00e1n, Lola del Carril y Sof\u00eda Mart\u00ednez. Tambi\u00e9n tantearon la situaci\u00f3n de Sergio &#8220;Kun&#8221; Ag\u00fcero, aunque los compromisos del exdelantero con su empresa de esports (KR\u00dc) har\u00edan casi imposible que se sume.<br>Tras la entrevista a Enzo Fern\u00e1ndez en F90 en la que se mostraron muy afectuosos y elogiosos con el mediocampista campe\u00f3n del mundo, el &#8220;lavado de cara&#8221; con &#8220;La Scaloneta&#8221; sigue con su rumbo a menos de un a\u00f1o del inicio de otra Copa Am\u00e9rica. &#8220;La idea es armar un programa diario en el que se empiece a hablar de la Selecci\u00f3n. Que no les llame la atenci\u00f3n que el programa de la tarde con Vignolo (Equipo F, de lunes a viernes de 19 a 20.30) se tranforme en un Souto &#8211; Beltr\u00e1n&#8221;, asegur\u00f3 Azzaro.<br>El ex Am\u00e9rica TV tambi\u00e9n asever\u00f3 que &#8220;ESPN est\u00e1 un proceso de purificaci\u00f3n porque saben que si no limpian la imagen, el proceso de destrucci\u00f3n es mucho m\u00e1s r\u00e1pido del que cualquiera pod\u00eda llegar a pensar. Los n\u00fameros son malos&#8221;. Flavio a\u00f1adi\u00f3 que &#8220;ya se sabe que TNT Sports no va a seguir con el f\u00fatbol, la cantidad de gente que contrata el Pack F\u00fatbol es muy poca porque la gente ya se dio cuenta de que estos personajes, todo el tiempo y sin disimular, se convierten en mercenarios&#8221;. Por \u00faltimo, Azzaro revel\u00f3 que &#8220;ESPN debe reconstruir en base a amigarse con la Selecci\u00f3n, \u00bfy c\u00f3mo lo va a hacer? Sacando de a poco el lastre que qued\u00f3 de aquella operaci\u00f3n. La televisi\u00f3n se ve mucho menos que antes, pero los precios siguen siendo los mismos. Hay que levantar el muerto&#8221;.<br>Fuente: Eldestapeweb.<\/p>\n","protected":false},"excerpt":{"rendered":"<p>La audiencia no est\u00e1 acompa\u00f1ando a ESPN y esto, sumado a que sobre muchas caras de la se\u00f1al -que pertenece al grupo Disney- cargan con el haberle jugado en contra&hellip; <\/p>\n","protected":false},"author":11,"featured_media":73631,"comment_status":"closed","ping_status":"open","sticky":false,"template":"","format":"standard","meta":{"footnotes":""},"categories":[26],"tags":[],"class_list":["post-73625","post","type-post","status-publish","format-standard","has-post-thumbnail","hentry","category-destacados"],"_links":{"self":[{"href":"https:\/\/corrientesdetarde.com\/index.php\/wp-json\/wp\/v2\/posts\/73625","targetHints":{"allow":["GET"]}}],"collection":[{"href":"https:\/\/corrientesdetarde.com\/index.php\/wp-json\/wp\/v2\/posts"}],"about":[{"href":"https:\/\/corrientesdetarde.com\/index.php\/wp-json\/wp\/v2\/types\/post"}],"author":[{"embeddable":true,"href":"https:\/\/corrientesdetarde.com\/index.php\/wp-json\/wp\/v2\/users\/11"}],"replies":[{"embeddable":true,"href":"https:\/\/corrientesdetarde.com\/index.php\/wp-json\/wp\/v2\/comments?post=73625"}],"version-history":[{"count":1,"href":"https:\/\/corrientesdetarde.com\/index.php\/wp-json\/wp\/v2\/posts\/73625\/revisions"}],"predecessor-version":[{"id":73632,"href":"https:\/\/corrientesdetarde.com\/index.php\/wp-json\/wp\/v2\/posts\/73625\/revisions\/73632"}],"wp:featuredmedia":[{"embeddable":true,"href":"https:\/\/corrientesdetarde.com\/index.php\/wp-json\/wp\/v2\/media\/73631"}],"wp:attachment":[{"href":"https:\/\/corrientesdetarde.com\/index.php\/wp-json\/wp\/v2\/media?parent=73625"}],"wp:term":[{"taxonomy":"category","embeddable":true,"href":"https:\/\/corrientesdetarde.com\/index.php\/wp-json\/wp\/v2\/categories?post=73625"},{"taxonomy":"post_tag","embeddable":true,"href":"https:\/\/corrientesdetarde.com\/index.php\/wp-json\/wp\/v2\/tags?post=73625"}],"curies":[{"name":"wp","href":"https:\/\/api.w.org\/{rel}","templated":true}]}}