{"id":73642,"date":"2023-07-14T11:10:39","date_gmt":"2023-07-14T14:10:39","guid":{"rendered":"https:\/\/corrientesdetarde.com\/?p=73642"},"modified":"2023-07-14T11:10:41","modified_gmt":"2023-07-14T14:10:41","slug":"el-gobierno-rechazo-el-pago-de-una-suma-fija-y-tenso-la-relacion-con-los-gremios","status":"publish","type":"post","link":"https:\/\/corrientesdetarde.com\/index.php\/politica\/el-gobierno-rechazo-el-pago-de-una-suma-fija-y-tenso-la-relacion-con-los-gremios\/","title":{"rendered":"El Gobierno rechaz\u00f3 el pago de una suma fija y tens\u00f3 la relaci\u00f3n con los gremios."},"content":{"rendered":"\n<h2 class=\"wp-block-heading\">La ministra de Trabajo insisti\u00f3 que la mejora salarial se define por paritarias. El secretario General de la CTA Aut\u00f3noma y de ATE, Hugo \u201cCachorro\u201d Godoy, carg\u00f3 contra el Gobierno y la parte empresaria por \u201ctirar a los trabajadores hacia abajo\u201d con el nuevo salario m\u00ednimo.<\/h2>\n\n\n\n<p>La ministra de Trabajo,<strong>\u00a0Raquel\u00a0\u201dKelly\u201d Olmos<\/strong>,<strong>\u00a0rechaz\u00f3<\/strong>\u00a0este viernes el pago de<strong>\u00a0una suma fija para recomponer los salarios<\/strong>\u00a0contra la alta inflaci\u00f3n. La funcionaria\u00a0<strong>asegur\u00f3 que el mecanismo para los aumentos<\/strong>\u00a0salariales son las<strong>\u00a0paritarias<\/strong>.<\/p>\n\n\n\n<p>Las declaraciones se dan en un contexto donde los<strong>&nbsp;gremios presionan por conseguir mayores subas&nbsp;<\/strong>salariales y cuando desde la CTA se acus\u00f3 al Gobierno y a los empresarios de \u201ctirar a los trabajadores para abajo\u201d con el nuevo salario m\u00ednimo, vital y m\u00f3vil.<\/p>\n\n\n\n<p><strong>\u201cNo es que el Gobierno no quiera una suma fija, pero para eso est\u00e1n las paritarias. E<\/strong>sa es la herramienta para nosotros\u201d, asegur\u00f3 Olmos a&nbsp;<em>AM 750.<\/em><\/p>\n\n\n\n<p>En ese sentido, la ministra agreg\u00f3: \u201c<strong>No se pueden cambiar las reglas de juego por afuera\u201d.<\/strong><\/p>\n\n\n\n<h2 class=\"wp-block-heading\">La CTA rechaz\u00f3 la suba del salario m\u00ednimo: \u201cEs insuficiente\u201d<\/h2>\n\n\n\n<p>El secretario General de la CTA Aut\u00f3noma y de ATE,\u00a0<strong>Hugo \u201cCachorro\u201d Godoy<\/strong>, asegur\u00f3 que\u00a0<strong>el aumento dictaminado para el\u00a0salario m\u00ednimo\u00a0es \u201cinsuficiente\u201d<\/strong>. Se quej\u00f3 de la decisi\u00f3n al remarcar que en el Gobierno \u201c<strong>parece que no tienen conciencia de lo mal que estamos los trabajadores<\/strong>\u201d.<\/p>\n\n\n\n<p>Este jueves, el<strong>\u00a0Consejo del Salario<\/strong>\u00a0aprob\u00f3 un<strong>\u00a0incremento del sueldo m\u00ednimo del 34%\u00a0a pagar en tres tramos<\/strong>. De esta manera, se eleva el ingreso a $105.500 en julio, a $112.500 en agosto y a $118.000 en septiembre.<\/p>\n\n\n\n<p>El dirigente sindical se\u00f1al\u00f3 que \u201c<strong>plantear un ingreso tan bajo de $116.000, como lo hizo la UIA, tira a los trabajadores hacia abajo<\/strong>\u201d. \u201cLa precariedad laboral hoy es la mitad de la poblaci\u00f3n activa\u201d, remarc\u00f3 en declaraciones ala<em>&nbsp;radio AM 990<\/em>.<\/p>\n\n\n\n<figure class=\"wp-block-image\"><img decoding=\"async\" src=\"https:\/\/tn.com.ar\/resizer\/fxU9nKHwAENv57QFK_txpp1VT0o=\/767x0\/smart\/filters:format(webp)\/cloudfront-us-east-1.images.arcpublishing.com\/artear\/COGFCEKFSNARXKWPDQ3BBDRQQU.jpg\" alt=\"El salario m\u00ednimo pasar\u00e1 a ser de $105.500 en julio y llegar\u00e1 a $118.000 en septiembre. (Foto: Ministerio de Trabajo).\"\/><figcaption>El salario m\u00ednimo pasar\u00e1 a ser de $105.500 en julio y llegar\u00e1 a $118.000 en septiembre. (Foto: Ministerio de Trabajo).<\/figcaption><\/figure>\n\n\n\n<p>En ese sentido, Godoy se refiri\u00f3 al caso de los<strong>&nbsp;trabajadores rurales y de los de casa particulares<\/strong>, y pidi\u00f3 que sean incorporados al salario m\u00ednimo. \u201cEstos sectores tienen un r\u00e9gimen especial.<strong>&nbsp;Pero no es para que tengan mejores salarios, sino peores<\/strong>. Se debe tratar este tema para incorporarlos al salario m\u00ednimo vital y m\u00f3vil\u201d, reclam\u00f3 el l\u00edder gremial.<\/p>\n\n\n\n<p>Tambi\u00e9n se refiri\u00f3 a aquellos trabajadores que est\u00e1n en negro y que no van a cobrar el salario m\u00ednimo, vital y m\u00f3vil. \u201c<strong>Hay much\u00edsimos trabajadores en negro que trabajan para el Estado.<\/strong>&nbsp;Quien gobierna y administra lo utiliza para precarizar las relaciones laborales en el \u00e1mbito privado\u201d, afirm\u00f3 el delegado de ATE.<\/p>\n\n\n\n<p>El aumento se aprob\u00f3 este mi\u00e9rcoles luego de una reuni\u00f3n del Ministerio de Trabajo junto con el Consejo del Salario, el mismo d\u00eda en el que el INDEC dio a conocer la cifra de la\u00a0<strong>inflaci\u00f3n de junio\u00a0que fue del 6%<\/strong>\u00a0y tras conocerse que una<strong>\u00a0familia porte\u00f1a<\/strong>\u00a0de cuatro personas -dos adultos y dos menores- necesit\u00f3 en junio al menos<strong>\u00a0$235.931 para no ser\u00a0<\/strong>considerada\u00a0<strong>pobre,<\/strong>\u00a0mientras un grupo familiar con las mismas caracter\u00edsticas requiri\u00f3 de<strong>\u00a0$131.332<\/strong>\u00a0para no estar en la\u00a0<strong>indigencia.<\/strong><\/p>\n\n\n\n<p><\/p>\n\n\n\n<p><em>Fuente: Todo Noticias.<\/em><\/p>\n\n\n\n<p><\/p>\n","protected":false},"excerpt":{"rendered":"<p>La ministra de Trabajo insisti\u00f3 que la mejora salarial se define por paritarias. El secretario General de la CTA Aut\u00f3noma y de ATE, Hugo \u201cCachorro\u201d Godoy, carg\u00f3 contra el Gobierno&hellip; <\/p>\n","protected":false},"author":6,"featured_media":73643,"comment_status":"closed","ping_status":"open","sticky":false,"template":"","format":"standard","meta":{"footnotes":""},"categories":[3],"tags":[],"class_list":["post-73642","post","type-post","status-publish","format-standard","has-post-thumbnail","hentry","category-politica"],"_links":{"self":[{"href":"https:\/\/corrientesdetarde.com\/index.php\/wp-json\/wp\/v2\/posts\/73642","targetHints":{"allow":["GET"]}}],"collection":[{"href":"https:\/\/corrientesdetarde.com\/index.php\/wp-json\/wp\/v2\/posts"}],"about":[{"href":"https:\/\/corrientesdetarde.com\/index.php\/wp-json\/wp\/v2\/types\/post"}],"author":[{"embeddable":true,"href":"https:\/\/corrientesdetarde.com\/index.php\/wp-json\/wp\/v2\/users\/6"}],"replies":[{"embeddable":true,"href":"https:\/\/corrientesdetarde.com\/index.php\/wp-json\/wp\/v2\/comments?post=73642"}],"version-history":[{"count":1,"href":"https:\/\/corrientesdetarde.com\/index.php\/wp-json\/wp\/v2\/posts\/73642\/revisions"}],"predecessor-version":[{"id":73644,"href":"https:\/\/corrientesdetarde.com\/index.php\/wp-json\/wp\/v2\/posts\/73642\/revisions\/73644"}],"wp:featuredmedia":[{"embeddable":true,"href":"https:\/\/corrientesdetarde.com\/index.php\/wp-json\/wp\/v2\/media\/73643"}],"wp:attachment":[{"href":"https:\/\/corrientesdetarde.com\/index.php\/wp-json\/wp\/v2\/media?parent=73642"}],"wp:term":[{"taxonomy":"category","embeddable":true,"href":"https:\/\/corrientesdetarde.com\/index.php\/wp-json\/wp\/v2\/categories?post=73642"},{"taxonomy":"post_tag","embeddable":true,"href":"https:\/\/corrientesdetarde.com\/index.php\/wp-json\/wp\/v2\/tags?post=73642"}],"curies":[{"name":"wp","href":"https:\/\/api.w.org\/{rel}","templated":true}]}}