{"id":73647,"date":"2023-07-14T11:46:06","date_gmt":"2023-07-14T14:46:06","guid":{"rendered":"https:\/\/corrientesdetarde.com\/?p=73647"},"modified":"2023-07-14T11:46:09","modified_gmt":"2023-07-14T14:46:09","slug":"analizan-continuar-con-la-emergencia-en-cuatro-departamentos-del-sur","status":"publish","type":"post","link":"https:\/\/corrientesdetarde.com\/index.php\/politica\/analizan-continuar-con-la-emergencia-en-cuatro-departamentos-del-sur\/","title":{"rendered":"Analizan continuar con la emergencia en cuatro departamentos del sur."},"content":{"rendered":"\n<h2 class=\"wp-block-heading\">Tras el informe sobre el estado de los reservorios de agua en superficie elaborado por funcionarios del Instituto Nacional de Tecnolog\u00eda Agropecuaria (INTA) \u00e9poca pudo confirmar que el Gobierno de la Provincia elabora los informes t\u00e9cnicos para declarar una nueva emergencia agropecuaria para, por lo menos, cuatro departamentos en los que el proceso de sequ\u00eda no se revirti\u00f3.<\/h2>\n\n\n\n<p>&#8220;Estamos completando los tr\u00e1mites para continuar con la asistencia a productores del sur, centro-sur de la provincia&#8221;, inform\u00f3 el Ministro de la producci\u00f3n, en di\u00e1logo telef\u00f3nico con \u00e9poca y se\u00f1al\u00f3 que la declaraci\u00f3n de emergencia ser\u00e1 distinta a la que tuvo vigencia hasta el 1 de julio, que era para todo el territorio provincial.<\/p>\n\n\n\n<p>El funcionario identific\u00f3 a esos departamentos como los ubicados al sur de la provincia, como Curuz\u00fa Cuati\u00e1, Sauce, Monte Caseros y Esquina, que mantienen un proceso de sequ\u00eda moderada y los efectos del profundo impacto del d\u00e9ficit h\u00eddrico de los \u00faltimos tres a\u00f1os no se revirti\u00f3.<\/p>\n\n\n\n<p>Anselmo confirm\u00f3 que en esos departamentos se continuar\u00e1 con las medidas oficiales de asistencia, como ser exenciones fiscales, financiamiento a tasas blandas, como parte del &#8220;acompa\u00f1amiento permanente que instrumenta el gobierno a quienes producen en la provincia&#8221;. Destac\u00f3 que habr\u00e1 asistencia para ganaderos, sobre todo a peque\u00f1os y medianos, as\u00ed como a agricultores y citricultores.<\/p>\n\n\n\n<p>Cabe consignar que ayer hubo un plenario de la Asociaci\u00f3n de Sociedades Rurales de Corrientes en la ciudad de Mercedes, donde los representantes de los productores defin\u00edan un plan de acci\u00f3n, ante lo que consideran la continuidad del proceso de sequ\u00eda y su impacto en los emprendimientos agropecuarios de la provincia.<\/p>\n\n\n\n<p>Desde el Instituto Nacional de Tecnolog\u00eda Agropecuaria (INTA) informaron que los reservorios de agua en superficie representan el 6,9% del territorio de la provincia, cuando el promedio normal es cercano al 40%.<\/p>\n\n\n\n<p>Los responsables del informe son los t\u00e9cnicos del INTA Ditmar Kurtz y Violeta Hauck, quienes destacaron que &#8220;a fines de junio de este a\u00f1o, la superficie cubierta por agua en la provincia alcanz\u00f3 un total de 623.598 hect\u00e1reas, lo que representa el 6,9% de la superficie provincial. En comparaci\u00f3n con la estimaci\u00f3n de abril, que report\u00f3 una superficie de 566.052 hect\u00e1reas, se observ\u00f3 un incremento de 57.546 hect\u00e1reas&#8221;.<\/p>\n\n\n\n<p>Explicaron que &#8220;del total de la superficie actual cubierta con agua, la mayor parte corresponde a esteros y ba\u00f1ados (50,3%), seguido por la superficie que ocupan los r\u00edos Paran\u00e1 y Uruguay (32,0%). Las represas y tajamares, que en abril ocupaban 7.688 ha, actualmente ocupan 9.734 ha (1,6%)&#8221;.<\/p>\n\n\n\n<p>Adem\u00e1s, comunicaron que en mayo de 2023 se inici\u00f3 el monitoreo de capas de agua &#8220;colgadas&#8221; con freat\u00edmetros (toma de muestra de agua de las napas) digitales en el departamento Concepci\u00f3n. Los primeros datos en pastizales y sistemas silvopastoriles indican que la capa de agua muestra una fuerte relaci\u00f3n con las precipitaciones. Actualmente no se detecta la presencia de la capa de agua en estos sitios.<\/p>\n","protected":false},"excerpt":{"rendered":"<p>Tras el informe sobre el estado de los reservorios de agua en superficie elaborado por funcionarios del Instituto Nacional de Tecnolog\u00eda Agropecuaria (INTA) \u00e9poca pudo confirmar que el Gobierno de&hellip; <\/p>\n","protected":false},"author":6,"featured_media":73661,"comment_status":"closed","ping_status":"open","sticky":false,"template":"","format":"standard","meta":{"footnotes":""},"categories":[3],"tags":[],"class_list":["post-73647","post","type-post","status-publish","format-standard","has-post-thumbnail","hentry","category-politica"],"_links":{"self":[{"href":"https:\/\/corrientesdetarde.com\/index.php\/wp-json\/wp\/v2\/posts\/73647","targetHints":{"allow":["GET"]}}],"collection":[{"href":"https:\/\/corrientesdetarde.com\/index.php\/wp-json\/wp\/v2\/posts"}],"about":[{"href":"https:\/\/corrientesdetarde.com\/index.php\/wp-json\/wp\/v2\/types\/post"}],"author":[{"embeddable":true,"href":"https:\/\/corrientesdetarde.com\/index.php\/wp-json\/wp\/v2\/users\/6"}],"replies":[{"embeddable":true,"href":"https:\/\/corrientesdetarde.com\/index.php\/wp-json\/wp\/v2\/comments?post=73647"}],"version-history":[{"count":1,"href":"https:\/\/corrientesdetarde.com\/index.php\/wp-json\/wp\/v2\/posts\/73647\/revisions"}],"predecessor-version":[{"id":73662,"href":"https:\/\/corrientesdetarde.com\/index.php\/wp-json\/wp\/v2\/posts\/73647\/revisions\/73662"}],"wp:featuredmedia":[{"embeddable":true,"href":"https:\/\/corrientesdetarde.com\/index.php\/wp-json\/wp\/v2\/media\/73661"}],"wp:attachment":[{"href":"https:\/\/corrientesdetarde.com\/index.php\/wp-json\/wp\/v2\/media?parent=73647"}],"wp:term":[{"taxonomy":"category","embeddable":true,"href":"https:\/\/corrientesdetarde.com\/index.php\/wp-json\/wp\/v2\/categories?post=73647"},{"taxonomy":"post_tag","embeddable":true,"href":"https:\/\/corrientesdetarde.com\/index.php\/wp-json\/wp\/v2\/tags?post=73647"}],"curies":[{"name":"wp","href":"https:\/\/api.w.org\/{rel}","templated":true}]}}