{"id":73649,"date":"2023-07-14T11:16:20","date_gmt":"2023-07-14T14:16:20","guid":{"rendered":"https:\/\/corrientesdetarde.com\/?p=73649"},"modified":"2023-07-14T11:16:23","modified_gmt":"2023-07-14T14:16:23","slug":"escandalo-en-kosovo-diputados-opositores-a-las-trompadas-con-el-primer-ministro","status":"publish","type":"post","link":"https:\/\/corrientesdetarde.com\/index.php\/internacionales\/escandalo-en-kosovo-diputados-opositores-a-las-trompadas-con-el-primer-ministro\/","title":{"rendered":"Esc\u00e1ndalo en Kosovo: diputados opositores a las trompadas con el primer ministro."},"content":{"rendered":"\n<h2 class=\"wp-block-heading\">Fue durante el discurso que Albin Kurti daba sobre la tensi\u00f3n con los serbios en el norte del pa\u00eds. Un funcionario opositor le tir\u00f3 agua y se desencaden\u00f3 una pelea que involucr\u00f3 a una decena de legisladores.<\/h2>\n\n\n\n<p>El&nbsp;Parlamento de&nbsp;Kosovo&nbsp;fue el escenario de una&nbsp;pelea&nbsp;entre&nbsp;diputados de la oposici\u00f3n y varios ministros de Gobierno, incluyendo el primer ministro, Albin Kurti.<\/p>\n\n\n\n<p>La pelea comenz\u00f3 cuando&nbsp;un diputado del partido opositor PDK le tir\u00f3 agua al jefe de Gobierno&nbsp;mientras hablaba a los legisladores de la actual tensi\u00f3n en el norte de Kosovo, donde se concentra la minor\u00eda serbia del pa\u00eds balc\u00e1nico.<\/p>\n\n\n\n<p>Seg\u00fan el portal de noticias Kossev, tambi\u00e9n result\u00f3 agredido el viceprimer ministro y colaborador de Kurti, Besnik Bislimi, quien golpe\u00f3 al agresor en la cabeza con una botella de vidrio.<\/p>\n\n\n\n<p>En ese momento, se desencaden\u00f3 una pelea que incluy\u00f3&nbsp;empujones, gritos y golpes de pu\u00f1o entre decenas de personas, entre ellas legisladores y ministros. La magnitud de la pelea fue tal que&nbsp;el presidente del Parlamento tuvo que llamar a la polic\u00eda para calmar la situaci\u00f3n.<\/p>\n\n\n\n<p>Si bien no se conoce bien la causa que desencaden\u00f3 el incidente, en conferencia de prensa, uno de los protagonistas dio su versi\u00f3n de los hechos.<\/p>\n\n\n\n<p>\u201cLo \u00fanico que hice fue echar un poco de agua para refrescar al primer ministro.&nbsp;No esperaba que el viceprimer ministro violara as\u00ed la democracia.&nbsp;Fui agredido por \u00e9l con una botella de agua, y por otros dos ministros a los que pienso demandar ante los tribunales por agresi\u00f3n.&nbsp;La m\u00eda fue una protesta democr\u00e1tica, simb\u00f3lica y pol\u00edtica\u201d, explic\u00f3 el opositor Mergim Lushtaku.<\/p>\n\n\n\n<p>En tanto, desde el oficialismo se\u00f1alaron: \u201cEste ataque contra Albin Kurti se realiza contra el primer Gobierno de Kosovo que no tiene ning\u00fan ministro o viceministro controlado por Belgrado. Ocurre en un momento de una batalla diplom\u00e1tica muy importante de Kosovo con Serbia\u201d.<\/p>\n\n\n\n<p>Los opositores critican a Kurti por su pol\u00edtica y sobre todo por las&nbsp;tensiones con los serbios y la falta de coordinaci\u00f3n con Estados Unidos y otras pa\u00edses occidentales, que consideran como principales garantes de su independencia proclamada de manera unilateral en 2008.<\/p>\n\n\n\n<p>La Uni\u00f3n Europea, mediadora entre los pa\u00edses balc\u00e1nicos, congel\u00f3 fondos a Kosovo por la negativa de Kurti de cumplir con sus exigencias para reducir las tensiones en el norte.<\/p>\n\n\n\n<p><\/p>\n\n\n\n<p><em>Fuente: Todo Noticias.<\/em><\/p>\n","protected":false},"excerpt":{"rendered":"<p>Fue durante el discurso que Albin Kurti daba sobre la tensi\u00f3n con los serbios en el norte del pa\u00eds. Un funcionario opositor le tir\u00f3 agua y se desencaden\u00f3 una pelea&hellip; <\/p>\n","protected":false},"author":6,"featured_media":73650,"comment_status":"closed","ping_status":"open","sticky":false,"template":"","format":"standard","meta":{"footnotes":""},"categories":[11],"tags":[],"class_list":["post-73649","post","type-post","status-publish","format-standard","has-post-thumbnail","hentry","category-internacionales"],"_links":{"self":[{"href":"https:\/\/corrientesdetarde.com\/index.php\/wp-json\/wp\/v2\/posts\/73649","targetHints":{"allow":["GET"]}}],"collection":[{"href":"https:\/\/corrientesdetarde.com\/index.php\/wp-json\/wp\/v2\/posts"}],"about":[{"href":"https:\/\/corrientesdetarde.com\/index.php\/wp-json\/wp\/v2\/types\/post"}],"author":[{"embeddable":true,"href":"https:\/\/corrientesdetarde.com\/index.php\/wp-json\/wp\/v2\/users\/6"}],"replies":[{"embeddable":true,"href":"https:\/\/corrientesdetarde.com\/index.php\/wp-json\/wp\/v2\/comments?post=73649"}],"version-history":[{"count":1,"href":"https:\/\/corrientesdetarde.com\/index.php\/wp-json\/wp\/v2\/posts\/73649\/revisions"}],"predecessor-version":[{"id":73651,"href":"https:\/\/corrientesdetarde.com\/index.php\/wp-json\/wp\/v2\/posts\/73649\/revisions\/73651"}],"wp:featuredmedia":[{"embeddable":true,"href":"https:\/\/corrientesdetarde.com\/index.php\/wp-json\/wp\/v2\/media\/73650"}],"wp:attachment":[{"href":"https:\/\/corrientesdetarde.com\/index.php\/wp-json\/wp\/v2\/media?parent=73649"}],"wp:term":[{"taxonomy":"category","embeddable":true,"href":"https:\/\/corrientesdetarde.com\/index.php\/wp-json\/wp\/v2\/categories?post=73649"},{"taxonomy":"post_tag","embeddable":true,"href":"https:\/\/corrientesdetarde.com\/index.php\/wp-json\/wp\/v2\/tags?post=73649"}],"curies":[{"name":"wp","href":"https:\/\/api.w.org\/{rel}","templated":true}]}}