{"id":73657,"date":"2023-07-14T11:44:31","date_gmt":"2023-07-14T14:44:31","guid":{"rendered":"https:\/\/corrientesdetarde.com\/?p=73657"},"modified":"2023-07-14T11:44:32","modified_gmt":"2023-07-14T14:44:32","slug":"rige-un-alerta-amarilla-por-frio-extremo-en-corrientes","status":"publish","type":"post","link":"https:\/\/corrientesdetarde.com\/index.php\/clima\/rige-un-alerta-amarilla-por-frio-extremo-en-corrientes\/","title":{"rendered":"Rige un Alerta Amarilla por frio extremo en Corrientes"},"content":{"rendered":"\n<p>El servicio oficial de meteorolog\u00eda emiti\u00f3 este viernes 14 un Alerta Amarilla por Temperaturas Extremas para diversos sectores del noreste argentino. Este informe, emitido a trav\u00e9s del Sistema de Alerta Temprana que ofrece la instituci\u00f3n, incluye a provincias como Corrientes Misiones, Chaco, Formosa y Santiago del estero, entre otros.<\/p>\n\n\n\n<p>El alerta involucra al norte de Corrientes, particularmente a departamentos como: Ber\u00f3n de Astrada, Capital, Empedrado, General Paz, Itat\u00ed, Mburucuy\u00e1, Saladas, San Cosme, San Luis del Palmar, San Miguel e Ituzaing\u00f3, exceptuando al centro, sur, este y oeste provincial.<\/p>\n\n\n\n<figure class=\"wp-block-image\"><img decoding=\"async\" src=\"https:\/\/www.radiodos.com.ar\/content\/bucket\/1\/201791w770h568c.png.webp\" alt=\"\"\/><\/figure>\n\n\n\n<p>A estas localidades recientemente detalladas se le suman el sur y centro de Misiones, el este de Chaco y Formosa, y el norte Santiago del Estero.<\/p>\n\n\n\n<p>Seg\u00fan el reporte, el nivel amarillo puede tener efecto leve a moderado en la salud. &#8220;Pueden ser peligrosas, sobre todo para los grupos de riesgo, como ni\u00f1os y ni\u00f1as, personas mayores de 65 a\u00f1os, con enfermedades cr\u00f3nicas&#8221;, detalla.<\/p>\n\n\n\n<p>Cabe recordar que se ha pronosticado un viernes fr\u00edo, con cielo gris y viento del sur, con una m\u00ednima pronosticada de 7 grados y una m\u00e1xima que podr\u00eda escalar hasta los 15. Esta situaci\u00f3n se extender\u00e1 durante el fin de semana en materia de temperatura. Asimismo, se espera que tanto s\u00e1bado como domingo, el cielo pueda presentarse despejado a parcialmente nublado, con temperaturas que se ubicaran entre los 10 y los 19 grados de m\u00ednima y m\u00e1xima.<\/p>\n","protected":false},"excerpt":{"rendered":"<p>El servicio oficial de meteorolog\u00eda emiti\u00f3 este viernes 14 un Alerta Amarilla por Temperaturas Extremas para diversos sectores del noreste argentino. Este informe, emitido a trav\u00e9s del Sistema de Alerta&hellip; <\/p>\n","protected":false},"author":1,"featured_media":73658,"comment_status":"closed","ping_status":"open","sticky":false,"template":"","format":"standard","meta":{"footnotes":""},"categories":[29],"tags":[],"class_list":["post-73657","post","type-post","status-publish","format-standard","has-post-thumbnail","hentry","category-clima"],"_links":{"self":[{"href":"https:\/\/corrientesdetarde.com\/index.php\/wp-json\/wp\/v2\/posts\/73657","targetHints":{"allow":["GET"]}}],"collection":[{"href":"https:\/\/corrientesdetarde.com\/index.php\/wp-json\/wp\/v2\/posts"}],"about":[{"href":"https:\/\/corrientesdetarde.com\/index.php\/wp-json\/wp\/v2\/types\/post"}],"author":[{"embeddable":true,"href":"https:\/\/corrientesdetarde.com\/index.php\/wp-json\/wp\/v2\/users\/1"}],"replies":[{"embeddable":true,"href":"https:\/\/corrientesdetarde.com\/index.php\/wp-json\/wp\/v2\/comments?post=73657"}],"version-history":[{"count":1,"href":"https:\/\/corrientesdetarde.com\/index.php\/wp-json\/wp\/v2\/posts\/73657\/revisions"}],"predecessor-version":[{"id":73659,"href":"https:\/\/corrientesdetarde.com\/index.php\/wp-json\/wp\/v2\/posts\/73657\/revisions\/73659"}],"wp:featuredmedia":[{"embeddable":true,"href":"https:\/\/corrientesdetarde.com\/index.php\/wp-json\/wp\/v2\/media\/73658"}],"wp:attachment":[{"href":"https:\/\/corrientesdetarde.com\/index.php\/wp-json\/wp\/v2\/media?parent=73657"}],"wp:term":[{"taxonomy":"category","embeddable":true,"href":"https:\/\/corrientesdetarde.com\/index.php\/wp-json\/wp\/v2\/categories?post=73657"},{"taxonomy":"post_tag","embeddable":true,"href":"https:\/\/corrientesdetarde.com\/index.php\/wp-json\/wp\/v2\/tags?post=73657"}],"curies":[{"name":"wp","href":"https:\/\/api.w.org\/{rel}","templated":true}]}}