{"id":73663,"date":"2023-07-14T11:56:12","date_gmt":"2023-07-14T14:56:12","guid":{"rendered":"https:\/\/corrientesdetarde.com\/?p=73663"},"modified":"2023-07-14T11:56:17","modified_gmt":"2023-07-14T14:56:17","slug":"anuncian-un-nuevo-sorteo-de-procrear-ii","status":"publish","type":"post","link":"https:\/\/corrientesdetarde.com\/index.php\/economia\/anuncian-un-nuevo-sorteo-de-procrear-ii\/","title":{"rendered":"Anuncian un nuevo sorteo de Procrear II."},"content":{"rendered":"\n<h2 class=\"wp-block-heading\">El Ministerio de Desarrollo Territorial y H\u00e1bitat habilitar\u00e1 el formulario este martes 18 de julio. Los requisitos y detalles del sorteo.<\/h2>\n\n\n\n<p>El Ministerio de Desarrollo Territorial y H\u00e1bitat anunci\u00f3 un\u00a0<strong>nuevo sorteo<\/strong>\u00a0para la l\u00ednea Desarrollos Urban\u00edsticos\u00a0<strong>Procrear II<\/strong>. Se ofrecen un total de\u00a0<strong>2000 viviendas<\/strong>\u00a0ubicadas en\u00a0<strong>16 provincias<\/strong>. Las\u00a0<strong>inscripciones\u00a0<\/strong>abren este martes 18 de julio.<\/p>\n\n\n\n<p>Para este sorteo, abrir\u00e1n\u00a0<strong>12 nuevos lotes<\/strong>\u00a0que se suman a los 34 que se encuentran habitados. Aquellos interesados deben cumplir con una serie de requisitos para acceder a la casa propia, entre ellos, cobrar\u00a0entre uno y 10 salarios m\u00ednimos, vitales y m\u00f3viles.<\/p>\n\n\n\n<p>La l\u00ednea Desarrollos Urban\u00edsticos de Procrear II facilitala posibilidad de que las familias tengan acceso a un&nbsp;<strong>cr\u00e9dito hipotecario<\/strong>, para la compra de viviendas nuevas en uno de los complejos habitacionales construidos por el Estado nacional.<\/p>\n\n\n\n<h2 class=\"wp-block-heading\">Procrear II: d\u00f3nde y c\u00f3mo anotarse para acceder a la casa propia<\/h2>\n\n\n\n<ul class=\"wp-block-list\"><li>Las y los solicitantes a participar del nuevo sorteo de viviendas del programa\u00a0<strong>Procrear II<\/strong>, deber\u00e1n completar el formulario de inscripci\u00f3n que se publicar\u00e1 este 18 de julio en el sitio web del\u00a0<strong>Ministerio de Desarrollo Territorial y H\u00e1bitat<\/strong>.<\/li><li>Los postulantes deber\u00e1n tener entre\u00a0<strong>18 y 64 a\u00f1os<\/strong>.<\/li><li>La\u00a0<strong>fecha de inscripci\u00f3n<\/strong>\u00a0es a partir del\u00a0<strong>martes<\/strong>\u00a0<strong>18 de julio<\/strong>.<\/li><\/ul>\n\n\n\n<figure class=\"wp-block-image\"><img decoding=\"async\" src=\"https:\/\/tn.com.ar\/resizer\/7xz_i7kaAeHPkqxeZMTDPsZ7w-o=\/767x0\/smart\/filters:format(webp)\/cloudfront-us-east-1.images.arcpublishing.com\/artear\/XQIRFEJCLRH3LBUF7V6XTFYUEE.jpg\" alt=\"Los Desarrollos Urban\u00edsticos incluidos en este sorteo son 46 distribuidos en 16 provincias (Foto: Procrear\/Facebook)\"\/><figcaption>Los Desarrollos Urban\u00edsticos incluidos en este sorteo son 46 distribuidos en 16 provincias (Foto: Procrear\/Facebook)<\/figcaption><\/figure>\n\n\n\n<h2 class=\"wp-block-heading\">Procrear 2023: en qu\u00e9 localidades est\u00e1n los lotes de la l\u00ednea Desarrollos Urban\u00edsticos<\/h2>\n\n\n\n<p>En esta oportunidad, se habilitan&nbsp;<strong>12 nuevos complejos&nbsp;<\/strong>habitacionelesque se sumana los 34 ya habitados. En total, los&nbsp;<strong>Desarrollos Urban\u00edsticos&nbsp;<\/strong>inclu\u00eddos en este sorteoson&nbsp;<strong>46&nbsp;<\/strong>distribuidos en las provincias de:<\/p>\n\n\n\n<ul class=\"wp-block-list\"><li><strong>Buenos Aires<\/strong>: Bah\u00eda Blanca, Baradero, Bolivar, Carmen de Patagones, Ciudad Evita, Ituzaing\u00f3, Jun\u00edn, Lincoln, Mercedes, Merlo, Monte Hermoso, Mor\u00f3n, San Antonio de Areco, San Mart\u00edn, San Mart\u00edn II y San Nicol\u00e1s;<\/li><li><strong>Chaco<\/strong>: Roque S\u00e1enz Pe\u00f1a;<\/li><li><strong>Ciudad Aut\u00f3noma de Buenos Aires<\/strong>: Estaci\u00f3n Buenos Aires y Estaci\u00f3n Saenz;<\/li><li><strong>Chubut<\/strong>: Trelew;<\/li><li><strong>C\u00f3rdoba<\/strong>: Barrio Liceo, Cavanagh, Monte Ma\u00edz, Pascanas, San Francisco y Viamonte;<\/li><li><strong>Entre R\u00edos<\/strong>: Paran\u00e1;<\/li><li><strong>Jujuy<\/strong>: Jujuy;<\/li><li><strong>Mendoza<\/strong>: Maip\u00fa, Malarg\u00fce, Mendoza Capital, San Rafael;<\/li><li><strong>Misiones<\/strong>: Posadas;<\/li><li><strong>San Juan<\/strong>: San Juan &#8211; La Ramada;<\/li><li><strong>Salta<\/strong>: Huaico;<\/li><li><strong>Santa Cruz<\/strong>: R\u00edo Gallegos;<\/li><li><strong>Santa Fe<\/strong>: Estaci\u00f3n Cambios, Las Parejas y Sunchales;<\/li><li><strong>Santiago del Estero<\/strong>: La Banda y Santiago del Estero;<\/li><li><strong>Tierra del Fuego<\/strong>: R\u00edo Grande.<\/li><\/ul>\n\n\n\n<figure class=\"wp-block-image\"><img decoding=\"async\" src=\"https:\/\/tn.com.ar\/resizer\/yiUPsxkiyag0kWKp-yMdSlQ9bV0=\/767x0\/smart\/filters:format(webp)\/cloudfront-us-east-1.images.arcpublishing.com\/artear\/EXHH5E7MEVCKLE5OXEEAUWVE4Y.jpg\" alt=\"Se ofrecen un total de 2000 viviendas ubicadas en 16 provincias. (Foto: T\u00e9lam)\"\/><figcaption>Se ofrecen un total de 2000 viviendas ubicadas en 16 provincias. (Foto: T\u00e9lam)<\/figcaption><\/figure>\n\n\n\n<h2 class=\"wp-block-heading\">Cu\u00e1les son los requisitos para inscribirse en el Procrear II<\/h2>\n\n\n\n<p>Los requisitos generales para acceder a un inmueble a trav\u00e9s de la l\u00ednea<strong>&nbsp;Desarrollos Urban\u00edsticos Procrear II&nbsp;<\/strong>son los siguientes:<\/p>\n\n\n\n<ul class=\"wp-block-list\"><li><strong>Ser argentinos\/as\u00a0<\/strong>o extranjeros\/as con residencia permanente en el pa\u00eds.<\/li><li><strong>No ser propietarios\u00a0<\/strong>o copropietarios de ning\u00fan inmueble ni haber resultado beneficiarios de ning\u00fan plan de vivienda en los \u00faltimos 10 a\u00f1os.<\/li><li><strong>No registrar antecedentes\u00a0<\/strong>negativos comerciales ni financieros.<\/li><li>Tener al menos\u00a0<strong>un a\u00f1o de continuidad laboral<\/strong>\u00a0registrada.<\/li><li>Demostrar<strong>\u00a0ingresos netos mensuales del grupo familiar<\/strong>\u00a0de entre 1 y 10 Salarios M\u00ednimos Vitales y M\u00f3viles (SMVyM).<\/li><\/ul>\n\n\n\n<p><\/p>\n\n\n\n<p><em>Fuente: Todo Noticias.<\/em><\/p>\n","protected":false},"excerpt":{"rendered":"<p>El Ministerio de Desarrollo Territorial y H\u00e1bitat habilitar\u00e1 el formulario este martes 18 de julio. Los requisitos y detalles del sorteo. El Ministerio de Desarrollo Territorial y H\u00e1bitat anunci\u00f3 un\u00a0nuevo&hellip; <\/p>\n","protected":false},"author":6,"featured_media":73667,"comment_status":"closed","ping_status":"open","sticky":false,"template":"","format":"standard","meta":{"footnotes":""},"categories":[20],"tags":[],"class_list":["post-73663","post","type-post","status-publish","format-standard","has-post-thumbnail","hentry","category-economia"],"_links":{"self":[{"href":"https:\/\/corrientesdetarde.com\/index.php\/wp-json\/wp\/v2\/posts\/73663","targetHints":{"allow":["GET"]}}],"collection":[{"href":"https:\/\/corrientesdetarde.com\/index.php\/wp-json\/wp\/v2\/posts"}],"about":[{"href":"https:\/\/corrientesdetarde.com\/index.php\/wp-json\/wp\/v2\/types\/post"}],"author":[{"embeddable":true,"href":"https:\/\/corrientesdetarde.com\/index.php\/wp-json\/wp\/v2\/users\/6"}],"replies":[{"embeddable":true,"href":"https:\/\/corrientesdetarde.com\/index.php\/wp-json\/wp\/v2\/comments?post=73663"}],"version-history":[{"count":1,"href":"https:\/\/corrientesdetarde.com\/index.php\/wp-json\/wp\/v2\/posts\/73663\/revisions"}],"predecessor-version":[{"id":73668,"href":"https:\/\/corrientesdetarde.com\/index.php\/wp-json\/wp\/v2\/posts\/73663\/revisions\/73668"}],"wp:featuredmedia":[{"embeddable":true,"href":"https:\/\/corrientesdetarde.com\/index.php\/wp-json\/wp\/v2\/media\/73667"}],"wp:attachment":[{"href":"https:\/\/corrientesdetarde.com\/index.php\/wp-json\/wp\/v2\/media?parent=73663"}],"wp:term":[{"taxonomy":"category","embeddable":true,"href":"https:\/\/corrientesdetarde.com\/index.php\/wp-json\/wp\/v2\/categories?post=73663"},{"taxonomy":"post_tag","embeddable":true,"href":"https:\/\/corrientesdetarde.com\/index.php\/wp-json\/wp\/v2\/tags?post=73663"}],"curies":[{"name":"wp","href":"https:\/\/api.w.org\/{rel}","templated":true}]}}